{"id":31,"date":"2025-07-25T13:30:00","date_gmt":"2025-07-25T17:30:00","guid":{"rendered":"https:\/\/fundacionmitinajita.org\/?p=31"},"modified":"2025-09-17T14:07:16","modified_gmt":"2025-09-17T18:07:16","slug":"dia-de-la-amistad-en-la-prejuvenil-un-encuentro-de-diversion-y-hermandad","status":"publish","type":"post","link":"https:\/\/fundacionmitinajita.org\/?p=31","title":{"rendered":"\u00abD\u00eda de la Amistad en la Prejuvenil: Un Encuentro de Diversi\u00f3n y Hermandad\u00bb"},"content":{"rendered":"\n<figure class=\"wp-block-image size-full\"><img loading=\"lazy\" decoding=\"async\" width=\"1000\" height=\"562\" src=\"https:\/\/fundacionmitinajita.org\/wp-content\/uploads\/2025\/09\/asdssd.webp\" alt=\"\" class=\"wp-image-32\" srcset=\"https:\/\/fundacionmitinajita.org\/wp-content\/uploads\/2025\/09\/asdssd.webp 1000w, https:\/\/fundacionmitinajita.org\/wp-content\/uploads\/2025\/09\/asdssd-300x169.webp 300w, https:\/\/fundacionmitinajita.org\/wp-content\/uploads\/2025\/09\/asdssd-768x432.webp 768w\" sizes=\"auto, (max-width: 1000px) 100vw, 1000px\" \/><figcaption class=\"wp-element-caption\"><em>Los ni\u00f1os y adolescentes de la Fundaci\u00f3n Mi Tinajita participan de la actividad del d\u00eda de la Amistad<\/em><\/figcaption><\/figure>\n\n\n<p data-start=\"92\" data-end=\"410\">Este viernes 25 de julio, celebramos un d\u00eda lleno de risas y buenos momentos con nuestros amigos en la Prejuvenil.<!--more--><!--more-->\u00a0La jornada fue un recordatorio de que, a veces, los amigos son m\u00e1s unidos que los propios hermanos. Con mucha alegr\u00eda, compartimos un tiempo agradable que fortalecer\u00e1 nuestros lazos de amistad.<\/p>\n<p data-start=\"412\" data-end=\"665\" data-is-last-node=\"\" data-is-only-node=\"\">Hoy, te invitamos a seguir compartiendo juntos, con una nueva cita que promete diversi\u00f3n, aprendizaje y un ambiente de comuni\u00f3n. La cita es hoy a las 19:30 p.m., \u00a1te esperamos con muchas ganas de comenzar un nuevo mes lleno de experiencias inolvidables!<\/p>\n\n\n<figure class=\"wp-block-gallery has-nested-images columns-default is-cropped wp-block-gallery-1 is-layout-flex wp-block-gallery-is-layout-flex\"><\/figure>\n<div style=\"margin-top: 0px; margin-bottom: 0px;\" class=\"sharethis-inline-reaction-buttons\" ><\/div>","protected":false},"excerpt":{"rendered":"<p>Este viernes 25 de julio, celebramos un d\u00eda lleno de risas y buenos momentos con nuestros amigos en la Prejuvenil.<\/p>\n","protected":false},"author":1,"featured_media":0,"comment_status":"open","ping_status":"open","sticky":false,"template":"","format":"standard","meta":{"give_campaign_id":0,"footnotes":""},"categories":[1],"tags":[],"class_list":["post-31","post","type-post","status-publish","format-standard","hentry","category-noticias"],"yoast_head":"<!-- This site is optimized with the Yoast SEO plugin v27.1.1 - https:\/\/yoast.com\/product\/yoast-seo-wordpress\/ -->\n<title>&quot;D\u00eda de la Amistad en la Prejuvenil: Un Encuentro de Diversi\u00f3n y Hermandad&quot; - Fundaci\u00f3n Mi Tinajita<\/title>\n<meta name=\"robots\" content=\"index, follow, max-snippet:-1, max-image-preview:large, max-video-preview:-1\" \/>\n<link rel=\"canonical\" href=\"https:\/\/fundacionmitinajita.org\/?p=31\" \/>\n<meta property=\"og:locale\" content=\"es_ES\" \/>\n<meta property=\"og:type\" content=\"article\" \/>\n<meta property=\"og:title\" content=\"&quot;D\u00eda de la Amistad en la Prejuvenil: Un Encuentro de Diversi\u00f3n y Hermandad&quot; - Fundaci\u00f3n Mi Tinajita\" \/>\n<meta property=\"og:description\" content=\"Este viernes 25 de julio, celebramos un d\u00eda lleno de risas y buenos momentos con nuestros amigos en la Prejuvenil.\" \/>\n<meta property=\"og:url\" content=\"https:\/\/fundacionmitinajita.org\/?p=31\" \/>\n<meta property=\"og:site_name\" content=\"Fundaci\u00f3n Mi Tinajita\" \/>\n<meta property=\"article:published_time\" content=\"2025-07-25T17:30:00+00:00\" \/>\n<meta property=\"article:modified_time\" content=\"2025-09-17T18:07:16+00:00\" \/>\n<meta property=\"og:image\" content=\"https:\/\/fundacionmitinajita.org\/wp-content\/uploads\/2025\/09\/asdssd.webp\" \/>\n\t<meta property=\"og:image:width\" content=\"1000\" \/>\n\t<meta property=\"og:image:height\" content=\"562\" \/>\n\t<meta property=\"og:image:type\" content=\"image\/webp\" \/>\n<meta name=\"author\" content=\"admin\" \/>\n<meta name=\"twitter:card\" content=\"summary_large_image\" \/>\n<meta name=\"twitter:label1\" content=\"Escrito por\" \/>\n\t<meta name=\"twitter:data1\" content=\"admin\" \/>\n\t<meta name=\"twitter:label2\" content=\"Tiempo de lectura\" \/>\n\t<meta name=\"twitter:data2\" content=\"1 minuto\" \/>\n<script type=\"application\/ld+json\" class=\"yoast-schema-graph\">{\"@context\":\"https:\/\/schema.org\",\"@graph\":[{\"@type\":\"Article\",\"@id\":\"https:\/\/fundacionmitinajita.org\/?p=31#article\",\"isPartOf\":{\"@id\":\"https:\/\/fundacionmitinajita.org\/?p=31\"},\"author\":{\"name\":\"admin\",\"@id\":\"https:\/\/fundacionmitinajita.org\/#\/schema\/person\/ebd863df6eb966e3f0446ffb6d834cdf\"},\"headline\":\"\u00abD\u00eda de la Amistad en la Prejuvenil: Un Encuentro de Diversi\u00f3n y Hermandad\u00bb\",\"datePublished\":\"2025-07-25T17:30:00+00:00\",\"dateModified\":\"2025-09-17T18:07:16+00:00\",\"mainEntityOfPage\":{\"@id\":\"https:\/\/fundacionmitinajita.org\/?p=31\"},\"wordCount\":133,\"commentCount\":0,\"publisher\":{\"@id\":\"https:\/\/fundacionmitinajita.org\/#organization\"},\"image\":{\"@id\":\"https:\/\/fundacionmitinajita.org\/?p=31#primaryimage\"},\"thumbnailUrl\":\"https:\/\/fundacionmitinajita.org\/wp-content\/uploads\/2025\/09\/asdssd.webp\",\"articleSection\":[\"NOTICIAS\"],\"inLanguage\":\"es\",\"potentialAction\":[{\"@type\":\"CommentAction\",\"name\":\"Comment\",\"target\":[\"https:\/\/fundacionmitinajita.org\/?p=31#respond\"]}]},{\"@type\":\"WebPage\",\"@id\":\"https:\/\/fundacionmitinajita.org\/?p=31\",\"url\":\"https:\/\/fundacionmitinajita.org\/?p=31\",\"name\":\"\\\"D\u00eda de la Amistad en la Prejuvenil: Un Encuentro de Diversi\u00f3n y Hermandad\\\" - Fundaci\u00f3n Mi Tinajita\",\"isPartOf\":{\"@id\":\"https:\/\/fundacionmitinajita.org\/#website\"},\"primaryImageOfPage\":{\"@id\":\"https:\/\/fundacionmitinajita.org\/?p=31#primaryimage\"},\"image\":{\"@id\":\"https:\/\/fundacionmitinajita.org\/?p=31#primaryimage\"},\"thumbnailUrl\":\"https:\/\/fundacionmitinajita.org\/wp-content\/uploads\/2025\/09\/asdssd.webp\",\"datePublished\":\"2025-07-25T17:30:00+00:00\",\"dateModified\":\"2025-09-17T18:07:16+00:00\",\"breadcrumb\":{\"@id\":\"https:\/\/fundacionmitinajita.org\/?p=31#breadcrumb\"},\"inLanguage\":\"es\",\"potentialAction\":[{\"@type\":\"ReadAction\",\"target\":[\"https:\/\/fundacionmitinajita.org\/?p=31\"]}]},{\"@type\":\"ImageObject\",\"inLanguage\":\"es\",\"@id\":\"https:\/\/fundacionmitinajita.org\/?p=31#primaryimage\",\"url\":\"https:\/\/fundacionmitinajita.org\/wp-content\/uploads\/2025\/09\/asdssd.webp\",\"contentUrl\":\"https:\/\/fundacionmitinajita.org\/wp-content\/uploads\/2025\/09\/asdssd.webp\",\"width\":1000,\"height\":562},{\"@type\":\"BreadcrumbList\",\"@id\":\"https:\/\/fundacionmitinajita.org\/?p=31#breadcrumb\",\"itemListElement\":[{\"@type\":\"ListItem\",\"position\":1,\"name\":\"Portada\",\"item\":\"https:\/\/fundacionmitinajita.org\/\"},{\"@type\":\"ListItem\",\"position\":2,\"name\":\"\u00abD\u00eda de la Amistad en la Prejuvenil: Un Encuentro de Diversi\u00f3n y Hermandad\u00bb\"}]},{\"@type\":\"WebSite\",\"@id\":\"https:\/\/fundacionmitinajita.org\/#website\",\"url\":\"https:\/\/fundacionmitinajita.org\/\",\"name\":\"Fundaci\u00f3n Mi Tinajita\",\"description\":\"\",\"publisher\":{\"@id\":\"https:\/\/fundacionmitinajita.org\/#organization\"},\"potentialAction\":[{\"@type\":\"SearchAction\",\"target\":{\"@type\":\"EntryPoint\",\"urlTemplate\":\"https:\/\/fundacionmitinajita.org\/?s={search_term_string}\"},\"query-input\":{\"@type\":\"PropertyValueSpecification\",\"valueRequired\":true,\"valueName\":\"search_term_string\"}}],\"inLanguage\":\"es\"},{\"@type\":\"Organization\",\"@id\":\"https:\/\/fundacionmitinajita.org\/#organization\",\"name\":\"Fundaci\u00f3n Mi Tinajita\",\"url\":\"https:\/\/fundacionmitinajita.org\/\",\"logo\":{\"@type\":\"ImageObject\",\"inLanguage\":\"es\",\"@id\":\"https:\/\/fundacionmitinajita.org\/#\/schema\/logo\/image\/\",\"url\":\"https:\/\/fundacionmitinajita.org\/wp-content\/uploads\/2025\/10\/cropped-ico-tinajita.webp\",\"contentUrl\":\"https:\/\/fundacionmitinajita.org\/wp-content\/uploads\/2025\/10\/cropped-ico-tinajita.webp\",\"width\":512,\"height\":512,\"caption\":\"Fundaci\u00f3n Mi Tinajita\"},\"image\":{\"@id\":\"https:\/\/fundacionmitinajita.org\/#\/schema\/logo\/image\/\"}},{\"@type\":\"Person\",\"@id\":\"https:\/\/fundacionmitinajita.org\/#\/schema\/person\/ebd863df6eb966e3f0446ffb6d834cdf\",\"name\":\"admin\",\"image\":{\"@type\":\"ImageObject\",\"inLanguage\":\"es\",\"@id\":\"https:\/\/fundacionmitinajita.org\/#\/schema\/person\/image\/\",\"url\":\"https:\/\/secure.gravatar.com\/avatar\/bf27e9186df568254093afa216f887fece17605302c6ff12f3980422fffa52e6?s=96&d=mm&r=g\",\"contentUrl\":\"https:\/\/secure.gravatar.com\/avatar\/bf27e9186df568254093afa216f887fece17605302c6ff12f3980422fffa52e6?s=96&d=mm&r=g\",\"caption\":\"admin\"},\"sameAs\":[\"https:\/\/fundacionmitinajita.org\"],\"url\":\"https:\/\/fundacionmitinajita.org\/?author=1\"}]}<\/script>\n<!-- \/ Yoast SEO plugin. -->","yoast_head_json":{"title":"\"D\u00eda de la Amistad en la Prejuvenil: Un Encuentro de Diversi\u00f3n y Hermandad\" - Fundaci\u00f3n Mi Tinajita","robots":{"index":"index","follow":"follow","max-snippet":"max-snippet:-1","max-image-preview":"max-image-preview:large","max-video-preview":"max-video-preview:-1"},"canonical":"https:\/\/fundacionmitinajita.org\/?p=31","og_locale":"es_ES","og_type":"article","og_title":"\"D\u00eda de la Amistad en la Prejuvenil: Un Encuentro de Diversi\u00f3n y Hermandad\" - Fundaci\u00f3n Mi Tinajita","og_description":"Este viernes 25 de julio, celebramos un d\u00eda lleno de risas y buenos momentos con nuestros amigos en la Prejuvenil.","og_url":"https:\/\/fundacionmitinajita.org\/?p=31","og_site_name":"Fundaci\u00f3n Mi Tinajita","article_published_time":"2025-07-25T17:30:00+00:00","article_modified_time":"2025-09-17T18:07:16+00:00","og_image":[{"width":1000,"height":562,"url":"https:\/\/fundacionmitinajita.org\/wp-content\/uploads\/2025\/09\/asdssd.webp","type":"image\/webp"}],"author":"admin","twitter_card":"summary_large_image","twitter_misc":{"Escrito por":"admin","Tiempo de lectura":"1 minuto"},"schema":{"@context":"https:\/\/schema.org","@graph":[{"@type":"Article","@id":"https:\/\/fundacionmitinajita.org\/?p=31#article","isPartOf":{"@id":"https:\/\/fundacionmitinajita.org\/?p=31"},"author":{"name":"admin","@id":"https:\/\/fundacionmitinajita.org\/#\/schema\/person\/ebd863df6eb966e3f0446ffb6d834cdf"},"headline":"\u00abD\u00eda de la Amistad en la Prejuvenil: Un Encuentro de Diversi\u00f3n y Hermandad\u00bb","datePublished":"2025-07-25T17:30:00+00:00","dateModified":"2025-09-17T18:07:16+00:00","mainEntityOfPage":{"@id":"https:\/\/fundacionmitinajita.org\/?p=31"},"wordCount":133,"commentCount":0,"publisher":{"@id":"https:\/\/fundacionmitinajita.org\/#organization"},"image":{"@id":"https:\/\/fundacionmitinajita.org\/?p=31#primaryimage"},"thumbnailUrl":"https:\/\/fundacionmitinajita.org\/wp-content\/uploads\/2025\/09\/asdssd.webp","articleSection":["NOTICIAS"],"inLanguage":"es","potentialAction":[{"@type":"CommentAction","name":"Comment","target":["https:\/\/fundacionmitinajita.org\/?p=31#respond"]}]},{"@type":"WebPage","@id":"https:\/\/fundacionmitinajita.org\/?p=31","url":"https:\/\/fundacionmitinajita.org\/?p=31","name":"\"D\u00eda de la Amistad en la Prejuvenil: Un Encuentro de Diversi\u00f3n y Hermandad\" - Fundaci\u00f3n Mi Tinajita","isPartOf":{"@id":"https:\/\/fundacionmitinajita.org\/#website"},"primaryImageOfPage":{"@id":"https:\/\/fundacionmitinajita.org\/?p=31#primaryimage"},"image":{"@id":"https:\/\/fundacionmitinajita.org\/?p=31#primaryimage"},"thumbnailUrl":"https:\/\/fundacionmitinajita.org\/wp-content\/uploads\/2025\/09\/asdssd.webp","datePublished":"2025-07-25T17:30:00+00:00","dateModified":"2025-09-17T18:07:16+00:00","breadcrumb":{"@id":"https:\/\/fundacionmitinajita.org\/?p=31#breadcrumb"},"inLanguage":"es","potentialAction":[{"@type":"ReadAction","target":["https:\/\/fundacionmitinajita.org\/?p=31"]}]},{"@type":"ImageObject","inLanguage":"es","@id":"https:\/\/fundacionmitinajita.org\/?p=31#primaryimage","url":"https:\/\/fundacionmitinajita.org\/wp-content\/uploads\/2025\/09\/asdssd.webp","contentUrl":"https:\/\/fundacionmitinajita.org\/wp-content\/uploads\/2025\/09\/asdssd.webp","width":1000,"height":562},{"@type":"BreadcrumbList","@id":"https:\/\/fundacionmitinajita.org\/?p=31#breadcrumb","itemListElement":[{"@type":"ListItem","position":1,"name":"Portada","item":"https:\/\/fundacionmitinajita.org\/"},{"@type":"ListItem","position":2,"name":"\u00abD\u00eda de la Amistad en la Prejuvenil: Un Encuentro de Diversi\u00f3n y Hermandad\u00bb"}]},{"@type":"WebSite","@id":"https:\/\/fundacionmitinajita.org\/#website","url":"https:\/\/fundacionmitinajita.org\/","name":"Fundaci\u00f3n Mi Tinajita","description":"","publisher":{"@id":"https:\/\/fundacionmitinajita.org\/#organization"},"potentialAction":[{"@type":"SearchAction","target":{"@type":"EntryPoint","urlTemplate":"https:\/\/fundacionmitinajita.org\/?s={search_term_string}"},"query-input":{"@type":"PropertyValueSpecification","valueRequired":true,"valueName":"search_term_string"}}],"inLanguage":"es"},{"@type":"Organization","@id":"https:\/\/fundacionmitinajita.org\/#organization","name":"Fundaci\u00f3n Mi Tinajita","url":"https:\/\/fundacionmitinajita.org\/","logo":{"@type":"ImageObject","inLanguage":"es","@id":"https:\/\/fundacionmitinajita.org\/#\/schema\/logo\/image\/","url":"https:\/\/fundacionmitinajita.org\/wp-content\/uploads\/2025\/10\/cropped-ico-tinajita.webp","contentUrl":"https:\/\/fundacionmitinajita.org\/wp-content\/uploads\/2025\/10\/cropped-ico-tinajita.webp","width":512,"height":512,"caption":"Fundaci\u00f3n Mi Tinajita"},"image":{"@id":"https:\/\/fundacionmitinajita.org\/#\/schema\/logo\/image\/"}},{"@type":"Person","@id":"https:\/\/fundacionmitinajita.org\/#\/schema\/person\/ebd863df6eb966e3f0446ffb6d834cdf","name":"admin","image":{"@type":"ImageObject","inLanguage":"es","@id":"https:\/\/fundacionmitinajita.org\/#\/schema\/person\/image\/","url":"https:\/\/secure.gravatar.com\/avatar\/bf27e9186df568254093afa216f887fece17605302c6ff12f3980422fffa52e6?s=96&d=mm&r=g","contentUrl":"https:\/\/secure.gravatar.com\/avatar\/bf27e9186df568254093afa216f887fece17605302c6ff12f3980422fffa52e6?s=96&d=mm&r=g","caption":"admin"},"sameAs":["https:\/\/fundacionmitinajita.org"],"url":"https:\/\/fundacionmitinajita.org\/?author=1"}]}},"_links":{"self":[{"href":"https:\/\/fundacionmitinajita.org\/index.php?rest_route=\/wp\/v2\/posts\/31","targetHints":{"allow":["GET"]}}],"collection":[{"href":"https:\/\/fundacionmitinajita.org\/index.php?rest_route=\/wp\/v2\/posts"}],"about":[{"href":"https:\/\/fundacionmitinajita.org\/index.php?rest_route=\/wp\/v2\/types\/post"}],"author":[{"embeddable":true,"href":"https:\/\/fundacionmitinajita.org\/index.php?rest_route=\/wp\/v2\/users\/1"}],"replies":[{"embeddable":true,"href":"https:\/\/fundacionmitinajita.org\/index.php?rest_route=%2Fwp%2Fv2%2Fcomments&post=31"}],"version-history":[{"count":1,"href":"https:\/\/fundacionmitinajita.org\/index.php?rest_route=\/wp\/v2\/posts\/31\/revisions"}],"predecessor-version":[{"id":33,"href":"https:\/\/fundacionmitinajita.org\/index.php?rest_route=\/wp\/v2\/posts\/31\/revisions\/33"}],"wp:attachment":[{"href":"https:\/\/fundacionmitinajita.org\/index.php?rest_route=%2Fwp%2Fv2%2Fmedia&parent=31"}],"wp:term":[{"taxonomy":"category","embeddable":true,"href":"https:\/\/fundacionmitinajita.org\/index.php?rest_route=%2Fwp%2Fv2%2Fcategories&post=31"},{"taxonomy":"post_tag","embeddable":true,"href":"https:\/\/fundacionmitinajita.org\/index.php?rest_route=%2Fwp%2Fv2%2Ftags&post=31"}],"curies":[{"name":"wp","href":"https:\/\/api.w.org\/{rel}","templated":true}]}}