{"id":221,"date":"2026-03-17T08:38:19","date_gmt":"2026-03-17T12:38:19","guid":{"rendered":"https:\/\/fundacionmitinajita.org\/?p=221"},"modified":"2026-03-17T08:38:25","modified_gmt":"2026-03-17T12:38:25","slug":"compromiso-y-liderazgo-presentacion-y-posesion-del-nuevo-directorio-de-la-fundacion-mi-tinajita","status":"publish","type":"post","link":"https:\/\/fundacionmitinajita.org\/?p=221","title":{"rendered":"Compromiso y Liderazgo: Presentaci\u00f3n y Posesi\u00f3n del Nuevo Directorio de la Fundaci\u00f3n Mi Tinajita"},"content":{"rendered":"\n<figure class=\"wp-block-image size-large\"><img loading=\"lazy\" decoding=\"async\" width=\"1024\" height=\"768\" src=\"https:\/\/fundacionmitinajita.org\/wp-content\/uploads\/2026\/03\/WhatsApp-Image-2026-03-16-at-18.23.13-1-1024x768.webp\" alt=\"\" class=\"wp-image-222\" style=\"aspect-ratio:3\/2;object-fit:cover\" srcset=\"https:\/\/fundacionmitinajita.org\/wp-content\/uploads\/2026\/03\/WhatsApp-Image-2026-03-16-at-18.23.13-1-1024x768.webp 1024w, https:\/\/fundacionmitinajita.org\/wp-content\/uploads\/2026\/03\/WhatsApp-Image-2026-03-16-at-18.23.13-1-300x225.webp 300w, https:\/\/fundacionmitinajita.org\/wp-content\/uploads\/2026\/03\/WhatsApp-Image-2026-03-16-at-18.23.13-1-768x576.webp 768w, https:\/\/fundacionmitinajita.org\/wp-content\/uploads\/2026\/03\/WhatsApp-Image-2026-03-16-at-18.23.13-1.webp 1440w\" sizes=\"auto, (max-width: 1024px) 100vw, 1024px\" \/><\/figure>\n\n\n<p><br \/><br \/><\/p>\n\n\n<p>En un acto solemne cargado de fe y visi\u00f3n de futuro, la <strong>Fundaci\u00f3n Mi Tinajita<\/strong> llev\u00f3 a cabo la presentaci\u00f3n oficial y posesi\u00f3n de su nuevo <strong>Directorio Institucional<\/strong>. El evento tuvo como escenario la <strong>Iglesia Cristo Rey<\/strong>, reafirmando el v\u00ednculo de nuestra organizaci\u00f3n con los valores que nos gu\u00edan.<\/p>\n\n\n\n<h3 class=\"wp-block-heading\"><strong>Un Paso Firme hacia la Excelencia<\/strong><\/h3>\n\n\n\n<p>El objetivo principal de esta ceremonia fue dar a conocer a los hombres y mujeres que asumir\u00e1n la responsabilidad de liderar los proyectos y programas de la fundaci\u00f3n. Con este nuevo equipo, buscamos fortalecer nuestra gesti\u00f3n administrativa y ampliar el impacto positivo en la comunidad a la que servimos.<\/p>\n\n\n\n<p>Durante el acto de posesi\u00f3n, los nuevos directivos asumieron el compromiso de:<\/p>\n\n\n\n<ul class=\"wp-block-list\">\n<li><strong>Velar por la transparencia<\/strong> en el uso de los recursos.<\/li>\n\n\n\n<li><strong>Impulsar la innovaci\u00f3n<\/strong> en los programas de apoyo social y espiritual.<\/li>\n\n\n\n<li><strong>Servir con humildad<\/strong>, siguiendo el ejemplo de servicio que caracteriza a nuestra instituci\u00f3n.<\/li>\n<\/ul>\n\n\n\n<h3 class=\"wp-block-heading\"><strong>Liderazgo con Prop\u00f3sito<\/strong><\/h3>\n\n\n\n<p>La presentaci\u00f3n ante la comunidad de la Iglesia Cristo Rey no fue solo un formalismo, sino un acto de <strong>rendici\u00f3n de cuentas y confianza<\/strong>. Creemos que un liderazgo s\u00f3lido es la base para que nuestros ni\u00f1os, j\u00f3venes y familias sigan recibiendo el apoyo integral que la Fundaci\u00f3n Mi Tinajita ofrece d\u00eda tras d\u00eda.<\/p>\n\n\n\n<figure class=\"wp-block-gallery has-nested-images columns-default is-cropped wp-block-gallery-1 is-layout-flex wp-block-gallery-is-layout-flex\">\n<figure class=\"wp-block-image size-large\"><img loading=\"lazy\" decoding=\"async\" width=\"1024\" height=\"768\" data-id=\"224\" src=\"https:\/\/fundacionmitinajita.org\/wp-content\/uploads\/2026\/03\/WhatsApp-Image-2026-03-16-at-18.32.01-1024x768.jpeg\" alt=\"\" class=\"wp-image-224\" srcset=\"https:\/\/fundacionmitinajita.org\/wp-content\/uploads\/2026\/03\/WhatsApp-Image-2026-03-16-at-18.32.01-1024x768.jpeg 1024w, https:\/\/fundacionmitinajita.org\/wp-content\/uploads\/2026\/03\/WhatsApp-Image-2026-03-16-at-18.32.01-300x225.jpeg 300w, https:\/\/fundacionmitinajita.org\/wp-content\/uploads\/2026\/03\/WhatsApp-Image-2026-03-16-at-18.32.01-768x576.jpeg 768w, https:\/\/fundacionmitinajita.org\/wp-content\/uploads\/2026\/03\/WhatsApp-Image-2026-03-16-at-18.32.01-1536x1152.jpeg 1536w, https:\/\/fundacionmitinajita.org\/wp-content\/uploads\/2026\/03\/WhatsApp-Image-2026-03-16-at-18.32.01.jpeg 1600w\" sizes=\"auto, (max-width: 1024px) 100vw, 1024px\" \/><\/figure>\n\n\n\n<figure class=\"wp-block-image size-large\"><img loading=\"lazy\" decoding=\"async\" width=\"1024\" height=\"768\" data-id=\"223\" src=\"https:\/\/fundacionmitinajita.org\/wp-content\/uploads\/2026\/03\/WhatsApp-Image-2026-03-16-at-18.32.00-1024x768.jpeg\" alt=\"\" class=\"wp-image-223\" srcset=\"https:\/\/fundacionmitinajita.org\/wp-content\/uploads\/2026\/03\/WhatsApp-Image-2026-03-16-at-18.32.00-1024x768.jpeg 1024w, https:\/\/fundacionmitinajita.org\/wp-content\/uploads\/2026\/03\/WhatsApp-Image-2026-03-16-at-18.32.00-300x225.jpeg 300w, https:\/\/fundacionmitinajita.org\/wp-content\/uploads\/2026\/03\/WhatsApp-Image-2026-03-16-at-18.32.00-768x576.jpeg 768w, https:\/\/fundacionmitinajita.org\/wp-content\/uploads\/2026\/03\/WhatsApp-Image-2026-03-16-at-18.32.00-1536x1152.jpeg 1536w, https:\/\/fundacionmitinajita.org\/wp-content\/uploads\/2026\/03\/WhatsApp-Image-2026-03-16-at-18.32.00.jpeg 1600w\" sizes=\"auto, (max-width: 1024px) 100vw, 1024px\" \/><\/figure>\n<\/figure>\n<div style=\"margin-top: 0px; margin-bottom: 0px;\" class=\"sharethis-inline-reaction-buttons\" ><\/div>","protected":false},"excerpt":{"rendered":"<p>En un acto solemne cargado de fe y visi\u00f3n de futuro, la Fundaci\u00f3n Mi Tinajita llev\u00f3 a cabo la presentaci\u00f3n oficial y posesi\u00f3n de su nuevo Directorio Institucional. El evento tuvo como escenario la Iglesia Cristo Rey, reafirmando el v\u00ednculo de nuestra organizaci\u00f3n con los valores que nos gu\u00edan. Un Paso Firme hacia la Excelencia [&hellip;]<\/p>\n","protected":false},"author":4,"featured_media":0,"comment_status":"open","ping_status":"open","sticky":false,"template":"","format":"standard","meta":{"give_campaign_id":0,"footnotes":""},"categories":[1],"tags":[],"class_list":["post-221","post","type-post","status-publish","format-standard","hentry","category-noticias"],"yoast_head":"<!-- This site is optimized with the Yoast SEO plugin v27.1.1 - https:\/\/yoast.com\/product\/yoast-seo-wordpress\/ -->\n<title>Compromiso y Liderazgo: Presentaci\u00f3n y Posesi\u00f3n del Nuevo Directorio de la Fundaci\u00f3n Mi Tinajita - Fundaci\u00f3n Mi Tinajita<\/title>\n<meta name=\"robots\" content=\"index, follow, max-snippet:-1, max-image-preview:large, max-video-preview:-1\" \/>\n<link rel=\"canonical\" href=\"https:\/\/fundacionmitinajita.org\/?p=221\" \/>\n<meta property=\"og:locale\" content=\"es_ES\" \/>\n<meta property=\"og:type\" content=\"article\" \/>\n<meta property=\"og:title\" content=\"Compromiso y Liderazgo: Presentaci\u00f3n y Posesi\u00f3n del Nuevo Directorio de la Fundaci\u00f3n Mi Tinajita - Fundaci\u00f3n Mi Tinajita\" \/>\n<meta property=\"og:description\" content=\"En un acto solemne cargado de fe y visi\u00f3n de futuro, la Fundaci\u00f3n Mi Tinajita llev\u00f3 a cabo la presentaci\u00f3n oficial y posesi\u00f3n de su nuevo Directorio Institucional. El evento tuvo como escenario la Iglesia Cristo Rey, reafirmando el v\u00ednculo de nuestra organizaci\u00f3n con los valores que nos gu\u00edan. Un Paso Firme hacia la Excelencia [&hellip;]\" \/>\n<meta property=\"og:url\" content=\"https:\/\/fundacionmitinajita.org\/?p=221\" \/>\n<meta property=\"og:site_name\" content=\"Fundaci\u00f3n Mi Tinajita\" \/>\n<meta property=\"article:published_time\" content=\"2026-03-17T12:38:19+00:00\" \/>\n<meta property=\"article:modified_time\" content=\"2026-03-17T12:38:25+00:00\" \/>\n<meta property=\"og:image\" content=\"https:\/\/fundacionmitinajita.org\/wp-content\/uploads\/2026\/03\/WhatsApp-Image-2026-03-16-at-18.23.13-1.webp\" \/>\n\t<meta property=\"og:image:width\" content=\"1440\" \/>\n\t<meta property=\"og:image:height\" content=\"1080\" \/>\n\t<meta property=\"og:image:type\" content=\"image\/webp\" \/>\n<meta name=\"author\" content=\"Vilma Coro Fajardo\" \/>\n<meta name=\"twitter:card\" content=\"summary_large_image\" \/>\n<meta name=\"twitter:label1\" content=\"Escrito por\" \/>\n\t<meta name=\"twitter:data1\" content=\"Vilma Coro Fajardo\" \/>\n\t<meta name=\"twitter:label2\" content=\"Tiempo de lectura\" \/>\n\t<meta name=\"twitter:data2\" content=\"1 minuto\" \/>\n<script type=\"application\/ld+json\" class=\"yoast-schema-graph\">{\"@context\":\"https:\/\/schema.org\",\"@graph\":[{\"@type\":\"Article\",\"@id\":\"https:\/\/fundacionmitinajita.org\/?p=221#article\",\"isPartOf\":{\"@id\":\"https:\/\/fundacionmitinajita.org\/?p=221\"},\"author\":{\"name\":\"Vilma Coro Fajardo\",\"@id\":\"https:\/\/fundacionmitinajita.org\/#\/schema\/person\/b752171473865e0bf733d6055dacb00d\"},\"headline\":\"Compromiso y Liderazgo: Presentaci\u00f3n y Posesi\u00f3n del Nuevo Directorio de la Fundaci\u00f3n Mi Tinajita\",\"datePublished\":\"2026-03-17T12:38:19+00:00\",\"dateModified\":\"2026-03-17T12:38:25+00:00\",\"mainEntityOfPage\":{\"@id\":\"https:\/\/fundacionmitinajita.org\/?p=221\"},\"wordCount\":245,\"commentCount\":0,\"publisher\":{\"@id\":\"https:\/\/fundacionmitinajita.org\/#organization\"},\"image\":{\"@id\":\"https:\/\/fundacionmitinajita.org\/?p=221#primaryimage\"},\"thumbnailUrl\":\"https:\/\/fundacionmitinajita.org\/wp-content\/uploads\/2026\/03\/WhatsApp-Image-2026-03-16-at-18.23.13-1-1024x768.webp\",\"articleSection\":[\"NOTICIAS\"],\"inLanguage\":\"es\",\"potentialAction\":[{\"@type\":\"CommentAction\",\"name\":\"Comment\",\"target\":[\"https:\/\/fundacionmitinajita.org\/?p=221#respond\"]}]},{\"@type\":\"WebPage\",\"@id\":\"https:\/\/fundacionmitinajita.org\/?p=221\",\"url\":\"https:\/\/fundacionmitinajita.org\/?p=221\",\"name\":\"Compromiso y Liderazgo: Presentaci\u00f3n y Posesi\u00f3n del Nuevo Directorio de la Fundaci\u00f3n Mi Tinajita - Fundaci\u00f3n Mi Tinajita\",\"isPartOf\":{\"@id\":\"https:\/\/fundacionmitinajita.org\/#website\"},\"primaryImageOfPage\":{\"@id\":\"https:\/\/fundacionmitinajita.org\/?p=221#primaryimage\"},\"image\":{\"@id\":\"https:\/\/fundacionmitinajita.org\/?p=221#primaryimage\"},\"thumbnailUrl\":\"https:\/\/fundacionmitinajita.org\/wp-content\/uploads\/2026\/03\/WhatsApp-Image-2026-03-16-at-18.23.13-1-1024x768.webp\",\"datePublished\":\"2026-03-17T12:38:19+00:00\",\"dateModified\":\"2026-03-17T12:38:25+00:00\",\"breadcrumb\":{\"@id\":\"https:\/\/fundacionmitinajita.org\/?p=221#breadcrumb\"},\"inLanguage\":\"es\",\"potentialAction\":[{\"@type\":\"ReadAction\",\"target\":[\"https:\/\/fundacionmitinajita.org\/?p=221\"]}]},{\"@type\":\"ImageObject\",\"inLanguage\":\"es\",\"@id\":\"https:\/\/fundacionmitinajita.org\/?p=221#primaryimage\",\"url\":\"https:\/\/fundacionmitinajita.org\/wp-content\/uploads\/2026\/03\/WhatsApp-Image-2026-03-16-at-18.23.13-1.webp\",\"contentUrl\":\"https:\/\/fundacionmitinajita.org\/wp-content\/uploads\/2026\/03\/WhatsApp-Image-2026-03-16-at-18.23.13-1.webp\",\"width\":1440,\"height\":1080},{\"@type\":\"BreadcrumbList\",\"@id\":\"https:\/\/fundacionmitinajita.org\/?p=221#breadcrumb\",\"itemListElement\":[{\"@type\":\"ListItem\",\"position\":1,\"name\":\"Portada\",\"item\":\"https:\/\/fundacionmitinajita.org\/\"},{\"@type\":\"ListItem\",\"position\":2,\"name\":\"Compromiso y Liderazgo: Presentaci\u00f3n y Posesi\u00f3n del Nuevo Directorio de la Fundaci\u00f3n Mi Tinajita\"}]},{\"@type\":\"WebSite\",\"@id\":\"https:\/\/fundacionmitinajita.org\/#website\",\"url\":\"https:\/\/fundacionmitinajita.org\/\",\"name\":\"Fundaci\u00f3n Mi Tinajita\",\"description\":\"\",\"publisher\":{\"@id\":\"https:\/\/fundacionmitinajita.org\/#organization\"},\"potentialAction\":[{\"@type\":\"SearchAction\",\"target\":{\"@type\":\"EntryPoint\",\"urlTemplate\":\"https:\/\/fundacionmitinajita.org\/?s={search_term_string}\"},\"query-input\":{\"@type\":\"PropertyValueSpecification\",\"valueRequired\":true,\"valueName\":\"search_term_string\"}}],\"inLanguage\":\"es\"},{\"@type\":\"Organization\",\"@id\":\"https:\/\/fundacionmitinajita.org\/#organization\",\"name\":\"Fundaci\u00f3n Mi Tinajita\",\"url\":\"https:\/\/fundacionmitinajita.org\/\",\"logo\":{\"@type\":\"ImageObject\",\"inLanguage\":\"es\",\"@id\":\"https:\/\/fundacionmitinajita.org\/#\/schema\/logo\/image\/\",\"url\":\"https:\/\/fundacionmitinajita.org\/wp-content\/uploads\/2025\/10\/cropped-ico-tinajita.webp\",\"contentUrl\":\"https:\/\/fundacionmitinajita.org\/wp-content\/uploads\/2025\/10\/cropped-ico-tinajita.webp\",\"width\":512,\"height\":512,\"caption\":\"Fundaci\u00f3n Mi Tinajita\"},\"image\":{\"@id\":\"https:\/\/fundacionmitinajita.org\/#\/schema\/logo\/image\/\"}},{\"@type\":\"Person\",\"@id\":\"https:\/\/fundacionmitinajita.org\/#\/schema\/person\/b752171473865e0bf733d6055dacb00d\",\"name\":\"Vilma Coro Fajardo\",\"image\":{\"@type\":\"ImageObject\",\"inLanguage\":\"es\",\"@id\":\"https:\/\/fundacionmitinajita.org\/#\/schema\/person\/image\/\",\"url\":\"https:\/\/secure.gravatar.com\/avatar\/dcbc377f9f6b15389950286595661be490a836ab35d70957227d17e518bc2d5d?s=96&d=mm&r=g\",\"contentUrl\":\"https:\/\/secure.gravatar.com\/avatar\/dcbc377f9f6b15389950286595661be490a836ab35d70957227d17e518bc2d5d?s=96&d=mm&r=g\",\"caption\":\"Vilma Coro Fajardo\"},\"sameAs\":[\"http:\/\/fundacionmitinajita.org\"],\"url\":\"https:\/\/fundacionmitinajita.org\/?author=4\"}]}<\/script>\n<!-- \/ Yoast SEO plugin. -->","yoast_head_json":{"title":"Compromiso y Liderazgo: Presentaci\u00f3n y Posesi\u00f3n del Nuevo Directorio de la Fundaci\u00f3n Mi Tinajita - Fundaci\u00f3n Mi Tinajita","robots":{"index":"index","follow":"follow","max-snippet":"max-snippet:-1","max-image-preview":"max-image-preview:large","max-video-preview":"max-video-preview:-1"},"canonical":"https:\/\/fundacionmitinajita.org\/?p=221","og_locale":"es_ES","og_type":"article","og_title":"Compromiso y Liderazgo: Presentaci\u00f3n y Posesi\u00f3n del Nuevo Directorio de la Fundaci\u00f3n Mi Tinajita - Fundaci\u00f3n Mi Tinajita","og_description":"En un acto solemne cargado de fe y visi\u00f3n de futuro, la Fundaci\u00f3n Mi Tinajita llev\u00f3 a cabo la presentaci\u00f3n oficial y posesi\u00f3n de su nuevo Directorio Institucional. El evento tuvo como escenario la Iglesia Cristo Rey, reafirmando el v\u00ednculo de nuestra organizaci\u00f3n con los valores que nos gu\u00edan. Un Paso Firme hacia la Excelencia [&hellip;]","og_url":"https:\/\/fundacionmitinajita.org\/?p=221","og_site_name":"Fundaci\u00f3n Mi Tinajita","article_published_time":"2026-03-17T12:38:19+00:00","article_modified_time":"2026-03-17T12:38:25+00:00","og_image":[{"width":1440,"height":1080,"url":"https:\/\/fundacionmitinajita.org\/wp-content\/uploads\/2026\/03\/WhatsApp-Image-2026-03-16-at-18.23.13-1.webp","type":"image\/webp"}],"author":"Vilma Coro Fajardo","twitter_card":"summary_large_image","twitter_misc":{"Escrito por":"Vilma Coro Fajardo","Tiempo de lectura":"1 minuto"},"schema":{"@context":"https:\/\/schema.org","@graph":[{"@type":"Article","@id":"https:\/\/fundacionmitinajita.org\/?p=221#article","isPartOf":{"@id":"https:\/\/fundacionmitinajita.org\/?p=221"},"author":{"name":"Vilma Coro Fajardo","@id":"https:\/\/fundacionmitinajita.org\/#\/schema\/person\/b752171473865e0bf733d6055dacb00d"},"headline":"Compromiso y Liderazgo: Presentaci\u00f3n y Posesi\u00f3n del Nuevo Directorio de la Fundaci\u00f3n Mi Tinajita","datePublished":"2026-03-17T12:38:19+00:00","dateModified":"2026-03-17T12:38:25+00:00","mainEntityOfPage":{"@id":"https:\/\/fundacionmitinajita.org\/?p=221"},"wordCount":245,"commentCount":0,"publisher":{"@id":"https:\/\/fundacionmitinajita.org\/#organization"},"image":{"@id":"https:\/\/fundacionmitinajita.org\/?p=221#primaryimage"},"thumbnailUrl":"https:\/\/fundacionmitinajita.org\/wp-content\/uploads\/2026\/03\/WhatsApp-Image-2026-03-16-at-18.23.13-1-1024x768.webp","articleSection":["NOTICIAS"],"inLanguage":"es","potentialAction":[{"@type":"CommentAction","name":"Comment","target":["https:\/\/fundacionmitinajita.org\/?p=221#respond"]}]},{"@type":"WebPage","@id":"https:\/\/fundacionmitinajita.org\/?p=221","url":"https:\/\/fundacionmitinajita.org\/?p=221","name":"Compromiso y Liderazgo: Presentaci\u00f3n y Posesi\u00f3n del Nuevo Directorio de la Fundaci\u00f3n Mi Tinajita - Fundaci\u00f3n Mi Tinajita","isPartOf":{"@id":"https:\/\/fundacionmitinajita.org\/#website"},"primaryImageOfPage":{"@id":"https:\/\/fundacionmitinajita.org\/?p=221#primaryimage"},"image":{"@id":"https:\/\/fundacionmitinajita.org\/?p=221#primaryimage"},"thumbnailUrl":"https:\/\/fundacionmitinajita.org\/wp-content\/uploads\/2026\/03\/WhatsApp-Image-2026-03-16-at-18.23.13-1-1024x768.webp","datePublished":"2026-03-17T12:38:19+00:00","dateModified":"2026-03-17T12:38:25+00:00","breadcrumb":{"@id":"https:\/\/fundacionmitinajita.org\/?p=221#breadcrumb"},"inLanguage":"es","potentialAction":[{"@type":"ReadAction","target":["https:\/\/fundacionmitinajita.org\/?p=221"]}]},{"@type":"ImageObject","inLanguage":"es","@id":"https:\/\/fundacionmitinajita.org\/?p=221#primaryimage","url":"https:\/\/fundacionmitinajita.org\/wp-content\/uploads\/2026\/03\/WhatsApp-Image-2026-03-16-at-18.23.13-1.webp","contentUrl":"https:\/\/fundacionmitinajita.org\/wp-content\/uploads\/2026\/03\/WhatsApp-Image-2026-03-16-at-18.23.13-1.webp","width":1440,"height":1080},{"@type":"BreadcrumbList","@id":"https:\/\/fundacionmitinajita.org\/?p=221#breadcrumb","itemListElement":[{"@type":"ListItem","position":1,"name":"Portada","item":"https:\/\/fundacionmitinajita.org\/"},{"@type":"ListItem","position":2,"name":"Compromiso y Liderazgo: Presentaci\u00f3n y Posesi\u00f3n del Nuevo Directorio de la Fundaci\u00f3n Mi Tinajita"}]},{"@type":"WebSite","@id":"https:\/\/fundacionmitinajita.org\/#website","url":"https:\/\/fundacionmitinajita.org\/","name":"Fundaci\u00f3n Mi Tinajita","description":"","publisher":{"@id":"https:\/\/fundacionmitinajita.org\/#organization"},"potentialAction":[{"@type":"SearchAction","target":{"@type":"EntryPoint","urlTemplate":"https:\/\/fundacionmitinajita.org\/?s={search_term_string}"},"query-input":{"@type":"PropertyValueSpecification","valueRequired":true,"valueName":"search_term_string"}}],"inLanguage":"es"},{"@type":"Organization","@id":"https:\/\/fundacionmitinajita.org\/#organization","name":"Fundaci\u00f3n Mi Tinajita","url":"https:\/\/fundacionmitinajita.org\/","logo":{"@type":"ImageObject","inLanguage":"es","@id":"https:\/\/fundacionmitinajita.org\/#\/schema\/logo\/image\/","url":"https:\/\/fundacionmitinajita.org\/wp-content\/uploads\/2025\/10\/cropped-ico-tinajita.webp","contentUrl":"https:\/\/fundacionmitinajita.org\/wp-content\/uploads\/2025\/10\/cropped-ico-tinajita.webp","width":512,"height":512,"caption":"Fundaci\u00f3n Mi Tinajita"},"image":{"@id":"https:\/\/fundacionmitinajita.org\/#\/schema\/logo\/image\/"}},{"@type":"Person","@id":"https:\/\/fundacionmitinajita.org\/#\/schema\/person\/b752171473865e0bf733d6055dacb00d","name":"Vilma Coro Fajardo","image":{"@type":"ImageObject","inLanguage":"es","@id":"https:\/\/fundacionmitinajita.org\/#\/schema\/person\/image\/","url":"https:\/\/secure.gravatar.com\/avatar\/dcbc377f9f6b15389950286595661be490a836ab35d70957227d17e518bc2d5d?s=96&d=mm&r=g","contentUrl":"https:\/\/secure.gravatar.com\/avatar\/dcbc377f9f6b15389950286595661be490a836ab35d70957227d17e518bc2d5d?s=96&d=mm&r=g","caption":"Vilma Coro Fajardo"},"sameAs":["http:\/\/fundacionmitinajita.org"],"url":"https:\/\/fundacionmitinajita.org\/?author=4"}]}},"_links":{"self":[{"href":"https:\/\/fundacionmitinajita.org\/index.php?rest_route=\/wp\/v2\/posts\/221","targetHints":{"allow":["GET"]}}],"collection":[{"href":"https:\/\/fundacionmitinajita.org\/index.php?rest_route=\/wp\/v2\/posts"}],"about":[{"href":"https:\/\/fundacionmitinajita.org\/index.php?rest_route=\/wp\/v2\/types\/post"}],"author":[{"embeddable":true,"href":"https:\/\/fundacionmitinajita.org\/index.php?rest_route=\/wp\/v2\/users\/4"}],"replies":[{"embeddable":true,"href":"https:\/\/fundacionmitinajita.org\/index.php?rest_route=%2Fwp%2Fv2%2Fcomments&post=221"}],"version-history":[{"count":1,"href":"https:\/\/fundacionmitinajita.org\/index.php?rest_route=\/wp\/v2\/posts\/221\/revisions"}],"predecessor-version":[{"id":225,"href":"https:\/\/fundacionmitinajita.org\/index.php?rest_route=\/wp\/v2\/posts\/221\/revisions\/225"}],"wp:attachment":[{"href":"https:\/\/fundacionmitinajita.org\/index.php?rest_route=%2Fwp%2Fv2%2Fmedia&parent=221"}],"wp:term":[{"taxonomy":"category","embeddable":true,"href":"https:\/\/fundacionmitinajita.org\/index.php?rest_route=%2Fwp%2Fv2%2Fcategories&post=221"},{"taxonomy":"post_tag","embeddable":true,"href":"https:\/\/fundacionmitinajita.org\/index.php?rest_route=%2Fwp%2Fv2%2Ftags&post=221"}],"curies":[{"name":"wp","href":"https:\/\/api.w.org\/{rel}","templated":true}]}}