{"id":213,"date":"2026-03-16T18:41:47","date_gmt":"2026-03-16T22:41:47","guid":{"rendered":"https:\/\/fundacionmitinajita.org\/?p=213"},"modified":"2026-03-16T18:41:52","modified_gmt":"2026-03-16T22:41:52","slug":"un-homenaje-a-el-rey-de-la-casa-celebramos-el-dia-del-padre-en-la-iglesia-cristo-rey","status":"publish","type":"post","link":"https:\/\/fundacionmitinajita.org\/?p=213","title":{"rendered":"Un Homenaje a el Rey de la Casa: Celebramos el D\u00eda del Padre en la Iglesia Cristo Rey"},"content":{"rendered":"\n<figure class=\"wp-block-image size-full\"><img loading=\"lazy\" decoding=\"async\" width=\"1000\" height=\"750\" src=\"https:\/\/fundacionmitinajita.org\/wp-content\/uploads\/2026\/03\/WhatsApp-Image-2026-03-16-at-18.31.59.webp\" alt=\"\" class=\"wp-image-215\" srcset=\"https:\/\/fundacionmitinajita.org\/wp-content\/uploads\/2026\/03\/WhatsApp-Image-2026-03-16-at-18.31.59.webp 1000w, https:\/\/fundacionmitinajita.org\/wp-content\/uploads\/2026\/03\/WhatsApp-Image-2026-03-16-at-18.31.59-300x225.webp 300w, https:\/\/fundacionmitinajita.org\/wp-content\/uploads\/2026\/03\/WhatsApp-Image-2026-03-16-at-18.31.59-768x576.webp 768w\" sizes=\"auto, (max-width: 1000px) 100vw, 1000px\" \/><\/figure>\n\n\n<p data-path-to-node=\"4\">En una jornada cargada de emoci\u00f3n y gratitud, la <b data-path-to-node=\"4\" data-index-in-node=\"49\">Fundaci\u00f3n Mi Tinajita<\/b> se uni\u00f3 a la celebraci\u00f3n del <b data-path-to-node=\"4\" data-index-in-node=\"100\">D\u00eda del Padre<\/b>, rindiendo un merecido homenaje a esos hombres que, con su ejemplo y dedicaci\u00f3n, gu\u00edan el camino de nuestras familias.<!--more--><\/p>\n<p data-path-to-node=\"5\">El evento tuvo lugar en la <b data-path-to-node=\"5\" data-index-in-node=\"27\">Iglesia Cristo Rey<\/b>, un espacio donde la fe y la unidad familiar fueron las protagonistas.<\/p>\n<h3 data-path-to-node=\"6\"><b data-path-to-node=\"6\" data-index-in-node=\"0\">Honrando el Rol Paterno<\/b><\/h3>\n<p data-path-to-node=\"7\">El objetivo central de este festejo fue reconocer la labor fundamental de los padres en el hogar y en la sociedad. Fue una oportunidad para recordar que la paternidad es una misi\u00f3n de amor, protecci\u00f3n y gu\u00eda, inspirada en los valores que nos unen como comunidad.<\/p>\n<p data-path-to-node=\"8\">Durante el encuentro, los padres disfrutaron de:<\/p>\n<ul data-path-to-node=\"9\">\n<li>\n<p data-path-to-node=\"9,0,0\"><b data-path-to-node=\"9,0,0\" data-index-in-node=\"0\">Momentos de oraci\u00f3n y bendici\u00f3n:<\/b> Pidiendo por la sabidur\u00eda y fortaleza de cada jefe de hogar.<\/p>\n<\/li>\n<li>\n<p data-path-to-node=\"9,1,0\"><b data-path-to-node=\"9,1,0\" data-index-in-node=\"0\">Convivencia fraternal:<\/b> Un espacio para compartir experiencias y fortalecer los lazos entre las familias de la fundaci\u00f3n.<\/p>\n<\/li>\n<li>\n<p data-path-to-node=\"9,2,0\"><b data-path-to-node=\"9,2,0\" data-index-in-node=\"0\">Reconocimiento especial:<\/b> Expresando nuestra gratitud por el esfuerzo diario que realizan para brindar un futuro mejor a sus hijos.<\/p>\n<\/li>\n<\/ul>\n<hr data-path-to-node=\"10\" \/>\n<h3 data-path-to-node=\"11\"><b data-path-to-node=\"11\" data-index-in-node=\"0\">Nuestro Compromiso con la Familia<\/b><\/h3>\n<p data-path-to-node=\"12\">Desde la <b data-path-to-node=\"12\" data-index-in-node=\"9\">Fundaci\u00f3n Mi Tinajita<\/b>, reafirmamos nuestro compromiso de seguir fortaleciendo el n\u00facleo familiar. Entendemos que un padre presente y comprometido es un pilar esencial para el desarrollo integral de los ni\u00f1os y j\u00f3venes que forman parte de nuestros programas.<\/p>\n<p data-path-to-node=\"13\"><b data-path-to-node=\"13\" data-index-in-node=\"0\">\u00a1Agradecemos a todos los que hicieron posible esta celebraci\u00f3n y extendemos nuestras bendiciones a cada padre de nuestra gran familia!<\/b><\/p>\n<hr data-path-to-node=\"14\" \/>\n<h3 data-path-to-node=\"15\"><b data-path-to-node=\"15\" data-index-in-node=\"0\">Sugerencias de titulares llamativos:<\/b><\/h3>\n<p data-path-to-node=\"16\">Si quieres que el t\u00edtulo sea m\u00e1s \u00abatrapante\u00bb, puedes elegir uno de estos:<\/p>\n<ol start=\"1\" data-path-to-node=\"17\">\n<li>\n<p data-path-to-node=\"17,0,0\"><b data-path-to-node=\"17,0,0\" data-index-in-node=\"0\">\u00abH\u00e9roes de Fe: El emotivo homenaje a los padres en Cristo Rey.\u00bb<\/b><\/p>\n<\/li>\n<li>\n<p data-path-to-node=\"17,1,0\"><b data-path-to-node=\"17,1,0\" data-index-in-node=\"0\">\u00abM\u00e1s que un festejo, un legado: As\u00ed celebramos el D\u00eda del Padre.\u00bb<\/b><\/p>\n<\/li>\n<li>\n<p data-path-to-node=\"17,2,0\"><b data-path-to-node=\"17,2,0\" data-index-in-node=\"0\">\u00abUnidos por la Gratitud: La Fundaci\u00f3n Mi Tinajita honra a los padres de nuestra comunidad.\u00bb<\/b><\/p>\n<\/li>\n<\/ol>\n\n\n<figure class=\"wp-block-gallery has-nested-images columns-default is-cropped wp-block-gallery-1 is-layout-flex wp-block-gallery-is-layout-flex\">\n<figure class=\"wp-block-image size-large\"><img loading=\"lazy\" decoding=\"async\" width=\"766\" height=\"1024\" data-id=\"216\" src=\"https:\/\/fundacionmitinajita.org\/wp-content\/uploads\/2026\/03\/WhatsApp-Image-2026-03-16-at-18.06.53-1-766x1024.webp\" alt=\"\" class=\"wp-image-216\" srcset=\"https:\/\/fundacionmitinajita.org\/wp-content\/uploads\/2026\/03\/WhatsApp-Image-2026-03-16-at-18.06.53-1-766x1024.webp 766w, https:\/\/fundacionmitinajita.org\/wp-content\/uploads\/2026\/03\/WhatsApp-Image-2026-03-16-at-18.06.53-1-224x300.webp 224w, https:\/\/fundacionmitinajita.org\/wp-content\/uploads\/2026\/03\/WhatsApp-Image-2026-03-16-at-18.06.53-1-768x1027.webp 768w, https:\/\/fundacionmitinajita.org\/wp-content\/uploads\/2026\/03\/WhatsApp-Image-2026-03-16-at-18.06.53-1.webp 808w\" sizes=\"auto, (max-width: 766px) 100vw, 766px\" \/><\/figure>\n\n\n\n<figure class=\"wp-block-image size-large\"><img loading=\"lazy\" decoding=\"async\" width=\"768\" height=\"1024\" data-id=\"217\" src=\"https:\/\/fundacionmitinajita.org\/wp-content\/uploads\/2026\/03\/WhatsApp-Image-2026-03-16-at-18.29.06-768x1024.webp\" alt=\"\" class=\"wp-image-217\" srcset=\"https:\/\/fundacionmitinajita.org\/wp-content\/uploads\/2026\/03\/WhatsApp-Image-2026-03-16-at-18.29.06-768x1024.webp 768w, https:\/\/fundacionmitinajita.org\/wp-content\/uploads\/2026\/03\/WhatsApp-Image-2026-03-16-at-18.29.06-225x300.webp 225w, https:\/\/fundacionmitinajita.org\/wp-content\/uploads\/2026\/03\/WhatsApp-Image-2026-03-16-at-18.29.06.webp 810w\" sizes=\"auto, (max-width: 768px) 100vw, 768px\" \/><\/figure>\n\n\n\n<figure class=\"wp-block-image size-large\"><img loading=\"lazy\" decoding=\"async\" width=\"768\" height=\"1024\" data-id=\"218\" src=\"https:\/\/fundacionmitinajita.org\/wp-content\/uploads\/2026\/03\/WhatsApp-Image-2026-03-16-at-18.29.37-768x1024.webp\" alt=\"\" class=\"wp-image-218\" srcset=\"https:\/\/fundacionmitinajita.org\/wp-content\/uploads\/2026\/03\/WhatsApp-Image-2026-03-16-at-18.29.37-768x1024.webp 768w, https:\/\/fundacionmitinajita.org\/wp-content\/uploads\/2026\/03\/WhatsApp-Image-2026-03-16-at-18.29.37-225x300.webp 225w, https:\/\/fundacionmitinajita.org\/wp-content\/uploads\/2026\/03\/WhatsApp-Image-2026-03-16-at-18.29.37.webp 810w\" sizes=\"auto, (max-width: 768px) 100vw, 768px\" \/><\/figure>\n\n\n\n<figure class=\"wp-block-image size-large\"><img loading=\"lazy\" decoding=\"async\" width=\"768\" height=\"1024\" data-id=\"219\" src=\"https:\/\/fundacionmitinajita.org\/wp-content\/uploads\/2026\/03\/PAPA-768x1024.webp\" alt=\"\" class=\"wp-image-219\" srcset=\"https:\/\/fundacionmitinajita.org\/wp-content\/uploads\/2026\/03\/PAPA-768x1024.webp 768w, https:\/\/fundacionmitinajita.org\/wp-content\/uploads\/2026\/03\/PAPA-225x300.webp 225w, https:\/\/fundacionmitinajita.org\/wp-content\/uploads\/2026\/03\/PAPA.webp 810w\" sizes=\"auto, (max-width: 768px) 100vw, 768px\" \/><\/figure>\n<\/figure>\n<div style=\"margin-top: 0px; margin-bottom: 0px;\" class=\"sharethis-inline-reaction-buttons\" ><\/div>","protected":false},"excerpt":{"rendered":"<p>En una jornada cargada de emoci\u00f3n y gratitud, la Fundaci\u00f3n Mi Tinajita se uni\u00f3 a la celebraci\u00f3n del D\u00eda del Padre, rindiendo un merecido homenaje a esos hombres que, con su ejemplo y dedicaci\u00f3n, gu\u00edan el camino de nuestras familias.<\/p>\n","protected":false},"author":4,"featured_media":0,"comment_status":"open","ping_status":"open","sticky":false,"template":"","format":"standard","meta":{"give_campaign_id":0,"footnotes":""},"categories":[1],"tags":[17,8,19,18],"class_list":["post-213","post","type-post","status-publish","format-standard","hentry","category-noticias","tag-agasajo","tag-dia-del-padre","tag-fundacion-mi-tinajita","tag-papa-el-rey-de-la-casa"],"yoast_head":"<!-- This site is optimized with the Yoast SEO plugin v27.1.1 - https:\/\/yoast.com\/product\/yoast-seo-wordpress\/ -->\n<title>Un Homenaje a el Rey de la Casa: Celebramos el D\u00eda del Padre en la Iglesia Cristo Rey - Fundaci\u00f3n Mi Tinajita<\/title>\n<meta name=\"robots\" content=\"index, follow, max-snippet:-1, max-image-preview:large, max-video-preview:-1\" \/>\n<link rel=\"canonical\" href=\"https:\/\/fundacionmitinajita.org\/?p=213\" \/>\n<meta property=\"og:locale\" content=\"es_ES\" \/>\n<meta property=\"og:type\" content=\"article\" \/>\n<meta property=\"og:title\" content=\"Un Homenaje a el Rey de la Casa: Celebramos el D\u00eda del Padre en la Iglesia Cristo Rey - Fundaci\u00f3n Mi Tinajita\" \/>\n<meta property=\"og:description\" content=\"En una jornada cargada de emoci\u00f3n y gratitud, la Fundaci\u00f3n Mi Tinajita se uni\u00f3 a la celebraci\u00f3n del D\u00eda del Padre, rindiendo un merecido homenaje a esos hombres que, con su ejemplo y dedicaci\u00f3n, gu\u00edan el camino de nuestras familias.\" \/>\n<meta property=\"og:url\" content=\"https:\/\/fundacionmitinajita.org\/?p=213\" \/>\n<meta property=\"og:site_name\" content=\"Fundaci\u00f3n Mi Tinajita\" \/>\n<meta property=\"article:published_time\" content=\"2026-03-16T22:41:47+00:00\" \/>\n<meta property=\"article:modified_time\" content=\"2026-03-16T22:41:52+00:00\" \/>\n<meta property=\"og:image\" content=\"https:\/\/fundacionmitinajita.org\/wp-content\/uploads\/2026\/03\/WhatsApp-Image-2026-03-16-at-18.31.59.webp\" \/>\n\t<meta property=\"og:image:width\" content=\"1000\" \/>\n\t<meta property=\"og:image:height\" content=\"750\" \/>\n\t<meta property=\"og:image:type\" content=\"image\/webp\" \/>\n<meta name=\"author\" content=\"Vilma Coro Fajardo\" \/>\n<meta name=\"twitter:card\" content=\"summary_large_image\" \/>\n<meta name=\"twitter:label1\" content=\"Escrito por\" \/>\n\t<meta name=\"twitter:data1\" content=\"Vilma Coro Fajardo\" \/>\n\t<meta name=\"twitter:label2\" content=\"Tiempo de lectura\" \/>\n\t<meta name=\"twitter:data2\" content=\"3 minutos\" \/>\n<script type=\"application\/ld+json\" class=\"yoast-schema-graph\">{\"@context\":\"https:\/\/schema.org\",\"@graph\":[{\"@type\":\"Article\",\"@id\":\"https:\/\/fundacionmitinajita.org\/?p=213#article\",\"isPartOf\":{\"@id\":\"https:\/\/fundacionmitinajita.org\/?p=213\"},\"author\":{\"name\":\"Vilma Coro Fajardo\",\"@id\":\"https:\/\/fundacionmitinajita.org\/#\/schema\/person\/b752171473865e0bf733d6055dacb00d\"},\"headline\":\"Un Homenaje a el Rey de la Casa: Celebramos el D\u00eda del Padre en la Iglesia Cristo Rey\",\"datePublished\":\"2026-03-16T22:41:47+00:00\",\"dateModified\":\"2026-03-16T22:41:52+00:00\",\"mainEntityOfPage\":{\"@id\":\"https:\/\/fundacionmitinajita.org\/?p=213\"},\"wordCount\":334,\"commentCount\":0,\"publisher\":{\"@id\":\"https:\/\/fundacionmitinajita.org\/#organization\"},\"image\":{\"@id\":\"https:\/\/fundacionmitinajita.org\/?p=213#primaryimage\"},\"thumbnailUrl\":\"https:\/\/fundacionmitinajita.org\/wp-content\/uploads\/2026\/03\/WhatsApp-Image-2026-03-16-at-18.31.59.webp\",\"keywords\":[\"agasajo\",\"Dia del padre\",\"Fundacion mi Tinajita\",\"papa el rey de la casa\"],\"articleSection\":[\"NOTICIAS\"],\"inLanguage\":\"es\",\"potentialAction\":[{\"@type\":\"CommentAction\",\"name\":\"Comment\",\"target\":[\"https:\/\/fundacionmitinajita.org\/?p=213#respond\"]}]},{\"@type\":\"WebPage\",\"@id\":\"https:\/\/fundacionmitinajita.org\/?p=213\",\"url\":\"https:\/\/fundacionmitinajita.org\/?p=213\",\"name\":\"Un Homenaje a el Rey de la Casa: Celebramos el D\u00eda del Padre en la Iglesia Cristo Rey - Fundaci\u00f3n Mi Tinajita\",\"isPartOf\":{\"@id\":\"https:\/\/fundacionmitinajita.org\/#website\"},\"primaryImageOfPage\":{\"@id\":\"https:\/\/fundacionmitinajita.org\/?p=213#primaryimage\"},\"image\":{\"@id\":\"https:\/\/fundacionmitinajita.org\/?p=213#primaryimage\"},\"thumbnailUrl\":\"https:\/\/fundacionmitinajita.org\/wp-content\/uploads\/2026\/03\/WhatsApp-Image-2026-03-16-at-18.31.59.webp\",\"datePublished\":\"2026-03-16T22:41:47+00:00\",\"dateModified\":\"2026-03-16T22:41:52+00:00\",\"breadcrumb\":{\"@id\":\"https:\/\/fundacionmitinajita.org\/?p=213#breadcrumb\"},\"inLanguage\":\"es\",\"potentialAction\":[{\"@type\":\"ReadAction\",\"target\":[\"https:\/\/fundacionmitinajita.org\/?p=213\"]}]},{\"@type\":\"ImageObject\",\"inLanguage\":\"es\",\"@id\":\"https:\/\/fundacionmitinajita.org\/?p=213#primaryimage\",\"url\":\"https:\/\/fundacionmitinajita.org\/wp-content\/uploads\/2026\/03\/WhatsApp-Image-2026-03-16-at-18.31.59.webp\",\"contentUrl\":\"https:\/\/fundacionmitinajita.org\/wp-content\/uploads\/2026\/03\/WhatsApp-Image-2026-03-16-at-18.31.59.webp\",\"width\":1000,\"height\":750},{\"@type\":\"BreadcrumbList\",\"@id\":\"https:\/\/fundacionmitinajita.org\/?p=213#breadcrumb\",\"itemListElement\":[{\"@type\":\"ListItem\",\"position\":1,\"name\":\"Portada\",\"item\":\"https:\/\/fundacionmitinajita.org\/\"},{\"@type\":\"ListItem\",\"position\":2,\"name\":\"Un Homenaje a el Rey de la Casa: Celebramos el D\u00eda del Padre en la Iglesia Cristo Rey\"}]},{\"@type\":\"WebSite\",\"@id\":\"https:\/\/fundacionmitinajita.org\/#website\",\"url\":\"https:\/\/fundacionmitinajita.org\/\",\"name\":\"Fundaci\u00f3n Mi Tinajita\",\"description\":\"\",\"publisher\":{\"@id\":\"https:\/\/fundacionmitinajita.org\/#organization\"},\"potentialAction\":[{\"@type\":\"SearchAction\",\"target\":{\"@type\":\"EntryPoint\",\"urlTemplate\":\"https:\/\/fundacionmitinajita.org\/?s={search_term_string}\"},\"query-input\":{\"@type\":\"PropertyValueSpecification\",\"valueRequired\":true,\"valueName\":\"search_term_string\"}}],\"inLanguage\":\"es\"},{\"@type\":\"Organization\",\"@id\":\"https:\/\/fundacionmitinajita.org\/#organization\",\"name\":\"Fundaci\u00f3n Mi Tinajita\",\"url\":\"https:\/\/fundacionmitinajita.org\/\",\"logo\":{\"@type\":\"ImageObject\",\"inLanguage\":\"es\",\"@id\":\"https:\/\/fundacionmitinajita.org\/#\/schema\/logo\/image\/\",\"url\":\"https:\/\/fundacionmitinajita.org\/wp-content\/uploads\/2025\/10\/cropped-ico-tinajita.webp\",\"contentUrl\":\"https:\/\/fundacionmitinajita.org\/wp-content\/uploads\/2025\/10\/cropped-ico-tinajita.webp\",\"width\":512,\"height\":512,\"caption\":\"Fundaci\u00f3n Mi Tinajita\"},\"image\":{\"@id\":\"https:\/\/fundacionmitinajita.org\/#\/schema\/logo\/image\/\"}},{\"@type\":\"Person\",\"@id\":\"https:\/\/fundacionmitinajita.org\/#\/schema\/person\/b752171473865e0bf733d6055dacb00d\",\"name\":\"Vilma Coro Fajardo\",\"image\":{\"@type\":\"ImageObject\",\"inLanguage\":\"es\",\"@id\":\"https:\/\/fundacionmitinajita.org\/#\/schema\/person\/image\/\",\"url\":\"https:\/\/secure.gravatar.com\/avatar\/dcbc377f9f6b15389950286595661be490a836ab35d70957227d17e518bc2d5d?s=96&d=mm&r=g\",\"contentUrl\":\"https:\/\/secure.gravatar.com\/avatar\/dcbc377f9f6b15389950286595661be490a836ab35d70957227d17e518bc2d5d?s=96&d=mm&r=g\",\"caption\":\"Vilma Coro Fajardo\"},\"sameAs\":[\"http:\/\/fundacionmitinajita.org\"],\"url\":\"https:\/\/fundacionmitinajita.org\/?author=4\"}]}<\/script>\n<!-- \/ Yoast SEO plugin. -->","yoast_head_json":{"title":"Un Homenaje a el Rey de la Casa: Celebramos el D\u00eda del Padre en la Iglesia Cristo Rey - Fundaci\u00f3n Mi Tinajita","robots":{"index":"index","follow":"follow","max-snippet":"max-snippet:-1","max-image-preview":"max-image-preview:large","max-video-preview":"max-video-preview:-1"},"canonical":"https:\/\/fundacionmitinajita.org\/?p=213","og_locale":"es_ES","og_type":"article","og_title":"Un Homenaje a el Rey de la Casa: Celebramos el D\u00eda del Padre en la Iglesia Cristo Rey - Fundaci\u00f3n Mi Tinajita","og_description":"En una jornada cargada de emoci\u00f3n y gratitud, la Fundaci\u00f3n Mi Tinajita se uni\u00f3 a la celebraci\u00f3n del D\u00eda del Padre, rindiendo un merecido homenaje a esos hombres que, con su ejemplo y dedicaci\u00f3n, gu\u00edan el camino de nuestras familias.","og_url":"https:\/\/fundacionmitinajita.org\/?p=213","og_site_name":"Fundaci\u00f3n Mi Tinajita","article_published_time":"2026-03-16T22:41:47+00:00","article_modified_time":"2026-03-16T22:41:52+00:00","og_image":[{"width":1000,"height":750,"url":"https:\/\/fundacionmitinajita.org\/wp-content\/uploads\/2026\/03\/WhatsApp-Image-2026-03-16-at-18.31.59.webp","type":"image\/webp"}],"author":"Vilma Coro Fajardo","twitter_card":"summary_large_image","twitter_misc":{"Escrito por":"Vilma Coro Fajardo","Tiempo de lectura":"3 minutos"},"schema":{"@context":"https:\/\/schema.org","@graph":[{"@type":"Article","@id":"https:\/\/fundacionmitinajita.org\/?p=213#article","isPartOf":{"@id":"https:\/\/fundacionmitinajita.org\/?p=213"},"author":{"name":"Vilma Coro Fajardo","@id":"https:\/\/fundacionmitinajita.org\/#\/schema\/person\/b752171473865e0bf733d6055dacb00d"},"headline":"Un Homenaje a el Rey de la Casa: Celebramos el D\u00eda del Padre en la Iglesia Cristo Rey","datePublished":"2026-03-16T22:41:47+00:00","dateModified":"2026-03-16T22:41:52+00:00","mainEntityOfPage":{"@id":"https:\/\/fundacionmitinajita.org\/?p=213"},"wordCount":334,"commentCount":0,"publisher":{"@id":"https:\/\/fundacionmitinajita.org\/#organization"},"image":{"@id":"https:\/\/fundacionmitinajita.org\/?p=213#primaryimage"},"thumbnailUrl":"https:\/\/fundacionmitinajita.org\/wp-content\/uploads\/2026\/03\/WhatsApp-Image-2026-03-16-at-18.31.59.webp","keywords":["agasajo","Dia del padre","Fundacion mi Tinajita","papa el rey de la casa"],"articleSection":["NOTICIAS"],"inLanguage":"es","potentialAction":[{"@type":"CommentAction","name":"Comment","target":["https:\/\/fundacionmitinajita.org\/?p=213#respond"]}]},{"@type":"WebPage","@id":"https:\/\/fundacionmitinajita.org\/?p=213","url":"https:\/\/fundacionmitinajita.org\/?p=213","name":"Un Homenaje a el Rey de la Casa: Celebramos el D\u00eda del Padre en la Iglesia Cristo Rey - Fundaci\u00f3n Mi Tinajita","isPartOf":{"@id":"https:\/\/fundacionmitinajita.org\/#website"},"primaryImageOfPage":{"@id":"https:\/\/fundacionmitinajita.org\/?p=213#primaryimage"},"image":{"@id":"https:\/\/fundacionmitinajita.org\/?p=213#primaryimage"},"thumbnailUrl":"https:\/\/fundacionmitinajita.org\/wp-content\/uploads\/2026\/03\/WhatsApp-Image-2026-03-16-at-18.31.59.webp","datePublished":"2026-03-16T22:41:47+00:00","dateModified":"2026-03-16T22:41:52+00:00","breadcrumb":{"@id":"https:\/\/fundacionmitinajita.org\/?p=213#breadcrumb"},"inLanguage":"es","potentialAction":[{"@type":"ReadAction","target":["https:\/\/fundacionmitinajita.org\/?p=213"]}]},{"@type":"ImageObject","inLanguage":"es","@id":"https:\/\/fundacionmitinajita.org\/?p=213#primaryimage","url":"https:\/\/fundacionmitinajita.org\/wp-content\/uploads\/2026\/03\/WhatsApp-Image-2026-03-16-at-18.31.59.webp","contentUrl":"https:\/\/fundacionmitinajita.org\/wp-content\/uploads\/2026\/03\/WhatsApp-Image-2026-03-16-at-18.31.59.webp","width":1000,"height":750},{"@type":"BreadcrumbList","@id":"https:\/\/fundacionmitinajita.org\/?p=213#breadcrumb","itemListElement":[{"@type":"ListItem","position":1,"name":"Portada","item":"https:\/\/fundacionmitinajita.org\/"},{"@type":"ListItem","position":2,"name":"Un Homenaje a el Rey de la Casa: Celebramos el D\u00eda del Padre en la Iglesia Cristo Rey"}]},{"@type":"WebSite","@id":"https:\/\/fundacionmitinajita.org\/#website","url":"https:\/\/fundacionmitinajita.org\/","name":"Fundaci\u00f3n Mi Tinajita","description":"","publisher":{"@id":"https:\/\/fundacionmitinajita.org\/#organization"},"potentialAction":[{"@type":"SearchAction","target":{"@type":"EntryPoint","urlTemplate":"https:\/\/fundacionmitinajita.org\/?s={search_term_string}"},"query-input":{"@type":"PropertyValueSpecification","valueRequired":true,"valueName":"search_term_string"}}],"inLanguage":"es"},{"@type":"Organization","@id":"https:\/\/fundacionmitinajita.org\/#organization","name":"Fundaci\u00f3n Mi Tinajita","url":"https:\/\/fundacionmitinajita.org\/","logo":{"@type":"ImageObject","inLanguage":"es","@id":"https:\/\/fundacionmitinajita.org\/#\/schema\/logo\/image\/","url":"https:\/\/fundacionmitinajita.org\/wp-content\/uploads\/2025\/10\/cropped-ico-tinajita.webp","contentUrl":"https:\/\/fundacionmitinajita.org\/wp-content\/uploads\/2025\/10\/cropped-ico-tinajita.webp","width":512,"height":512,"caption":"Fundaci\u00f3n Mi Tinajita"},"image":{"@id":"https:\/\/fundacionmitinajita.org\/#\/schema\/logo\/image\/"}},{"@type":"Person","@id":"https:\/\/fundacionmitinajita.org\/#\/schema\/person\/b752171473865e0bf733d6055dacb00d","name":"Vilma Coro Fajardo","image":{"@type":"ImageObject","inLanguage":"es","@id":"https:\/\/fundacionmitinajita.org\/#\/schema\/person\/image\/","url":"https:\/\/secure.gravatar.com\/avatar\/dcbc377f9f6b15389950286595661be490a836ab35d70957227d17e518bc2d5d?s=96&d=mm&r=g","contentUrl":"https:\/\/secure.gravatar.com\/avatar\/dcbc377f9f6b15389950286595661be490a836ab35d70957227d17e518bc2d5d?s=96&d=mm&r=g","caption":"Vilma Coro Fajardo"},"sameAs":["http:\/\/fundacionmitinajita.org"],"url":"https:\/\/fundacionmitinajita.org\/?author=4"}]}},"_links":{"self":[{"href":"https:\/\/fundacionmitinajita.org\/index.php?rest_route=\/wp\/v2\/posts\/213","targetHints":{"allow":["GET"]}}],"collection":[{"href":"https:\/\/fundacionmitinajita.org\/index.php?rest_route=\/wp\/v2\/posts"}],"about":[{"href":"https:\/\/fundacionmitinajita.org\/index.php?rest_route=\/wp\/v2\/types\/post"}],"author":[{"embeddable":true,"href":"https:\/\/fundacionmitinajita.org\/index.php?rest_route=\/wp\/v2\/users\/4"}],"replies":[{"embeddable":true,"href":"https:\/\/fundacionmitinajita.org\/index.php?rest_route=%2Fwp%2Fv2%2Fcomments&post=213"}],"version-history":[{"count":1,"href":"https:\/\/fundacionmitinajita.org\/index.php?rest_route=\/wp\/v2\/posts\/213\/revisions"}],"predecessor-version":[{"id":220,"href":"https:\/\/fundacionmitinajita.org\/index.php?rest_route=\/wp\/v2\/posts\/213\/revisions\/220"}],"wp:attachment":[{"href":"https:\/\/fundacionmitinajita.org\/index.php?rest_route=%2Fwp%2Fv2%2Fmedia&parent=213"}],"wp:term":[{"taxonomy":"category","embeddable":true,"href":"https:\/\/fundacionmitinajita.org\/index.php?rest_route=%2Fwp%2Fv2%2Fcategories&post=213"},{"taxonomy":"post_tag","embeddable":true,"href":"https:\/\/fundacionmitinajita.org\/index.php?rest_route=%2Fwp%2Fv2%2Ftags&post=213"}],"curies":[{"name":"wp","href":"https:\/\/api.w.org\/{rel}","templated":true}]}}