{"id":200,"date":"2025-09-20T17:30:00","date_gmt":"2025-09-20T21:30:00","guid":{"rendered":"https:\/\/fundacionmitinajita.org\/?p=200"},"modified":"2026-03-16T17:42:36","modified_gmt":"2026-03-16T21:42:36","slug":"juventud-en-accion-una-jornada-de-servicio-y-amor-en-el-orfanato-jhon-manruquer","status":"publish","type":"post","link":"https:\/\/fundacionmitinajita.org\/?p=200","title":{"rendered":"Juventud en Acci\u00f3n: Una Jornada de Servicio y Amor en el Orfanato Jhon Manruquer"},"content":{"rendered":"\n<figure class=\"wp-block-image size-full\"><img loading=\"lazy\" decoding=\"async\" width=\"1000\" height=\"750\" src=\"https:\/\/fundacionmitinajita.org\/wp-content\/uploads\/2026\/03\/fundacio-2.webp\" alt=\"\" class=\"wp-image-201\" srcset=\"https:\/\/fundacionmitinajita.org\/wp-content\/uploads\/2026\/03\/fundacio-2.webp 1000w, https:\/\/fundacionmitinajita.org\/wp-content\/uploads\/2026\/03\/fundacio-2-300x225.webp 300w, https:\/\/fundacionmitinajita.org\/wp-content\/uploads\/2026\/03\/fundacio-2-768x576.webp 768w\" sizes=\"auto, (max-width: 1000px) 100vw, 1000px\" \/><\/figure>\n\n\n<p data-path-to-node=\"4\"><b data-path-to-node=\"4\" data-index-in-node=\"0\">Barrio Guadalupe<\/b> \u2013 El pasado s\u00e1bado <b data-path-to-node=\"4\" data-index-in-node=\"36\">20 de septiembre de 2025<\/b>, el esp\u00edritu de servicio de la Fundaci\u00f3n Mi Tinajita se hizo presente a trav\u00e9s de nuestro <b data-path-to-node=\"4\" data-index-in-node=\"151\">Grupo Juventud (PREGAP \u2013 GAP)<\/b>. En una jornada marcada por la entrega y el compa\u00f1erismo, 14 participantes dedicaron su tiempo y esfuerzo para apoyar a los ni\u00f1os y j\u00f3venes del orfanato <b data-path-to-node=\"4\" data-index-in-node=\"334\">Jhon Manruquer<\/b>.<!--more--><\/p>\n<h3 data-path-to-node=\"5\"><b data-path-to-node=\"5\" data-index-in-node=\"0\">El Coraz\u00f3n del Servicio: Apoyo Escolar y Convivencia<\/b><\/h3>\n<p data-path-to-node=\"6\">Bajo el lema de vivir el ejemplo de Jes\u00fas \u2014<i data-path-to-node=\"6\" data-index-in-node=\"43\">\u201ctu bien a mi costo\u201d<\/i>\u2014, el equipo inici\u00f3 la jornada desde la Iglesia Cristo Rey hacia el Barrio Guadalupe. La actividad comenz\u00f3 con din\u00e1micas de integraci\u00f3n para estrechar lazos con los ni\u00f1os del hogar, seguidas de un refrigerio compartido.<\/p>\n<p data-path-to-node=\"7\">El pilar central de la visita fue el <b data-path-to-node=\"7\" data-index-in-node=\"37\">apoyo escolar personalizado<\/b>, donde tutores y voluntarios trabajaron mano a mano con estudiantes de diferentes niveles:<\/p>\n<ul data-path-to-node=\"8\">\n<li>\n<p data-path-to-node=\"8,0,0\"><b data-path-to-node=\"8,0,0\" data-index-in-node=\"0\">Primaria:<\/b> Desde 1ero hasta 6to grado, brindando herramientas pedag\u00f3gicas a los m\u00e1s peque\u00f1os.<\/p>\n<\/li>\n<li>\n<p data-path-to-node=\"8,1,0\"><b data-path-to-node=\"8,1,0\" data-index-in-node=\"0\">Secundaria:<\/b> Acompa\u00f1amiento especializado para j\u00f3venes de 2do y 5to a\u00f1o.<\/p>\n<\/li>\n<\/ul>\n<h3 data-path-to-node=\"9\"><b data-path-to-node=\"9\" data-index-in-node=\"0\">Cronograma de una Jornada Transformadora<\/b><\/h3>\n<p data-path-to-node=\"10\">La actividad fue planificada minuciosamente para cubrir tanto las necesidades acad\u00e9micas como las del entorno del hogar:<\/p>\n<table data-path-to-node=\"11\">\n<thead>\n<tr>\n<td><strong>Hora<\/strong><\/td>\n<td><strong>Actividad Destacada<\/strong><\/td>\n<td><strong>Responsables<\/strong><\/td>\n<\/tr>\n<\/thead>\n<tbody>\n<tr>\n<td><span data-path-to-node=\"11,1,0,0\"><b data-path-to-node=\"11,1,0,0\" data-index-in-node=\"0\">10:15<\/b><\/span><\/td>\n<td><span data-path-to-node=\"11,1,1,0\">Din\u00e1mica de integraci\u00f3n \u00abEl barco se hunde\u00bb<\/span><\/td>\n<td><span data-path-to-node=\"11,1,2,0\">Tutor Pablo<\/span><\/td>\n<\/tr>\n<tr>\n<td><span data-path-to-node=\"11,2,0,0\"><b data-path-to-node=\"11,2,0,0\" data-index-in-node=\"0\">10:20<\/b><\/span><\/td>\n<td><span data-path-to-node=\"11,2,1,0\">Sesiones de Apoyo Escolar (Multigrado)<\/span><\/td>\n<td><span data-path-to-node=\"11,2,2,0\">Tutores y Voluntarios<\/span><\/td>\n<\/tr>\n<tr>\n<td><span data-path-to-node=\"11,3,0,0\"><b data-path-to-node=\"11,3,0,0\" data-index-in-node=\"0\">12:00<\/b><\/span><\/td>\n<td><span data-path-to-node=\"11,3,1,0\">Almuerzo de confraternizaci\u00f3n<\/span><\/td>\n<td><span data-path-to-node=\"11,3,2,0\">Equipo General<\/span><\/td>\n<\/tr>\n<tr>\n<td><span data-path-to-node=\"11,4,0,0\"><b data-path-to-node=\"11,4,0,0\" data-index-in-node=\"0\">13:00<\/b><\/span><\/td>\n<td><span data-path-to-node=\"11,4,1,0\">Labores de limpieza comunitaria<\/span><\/td>\n<td><span data-path-to-node=\"11,4,2,0\">Voluntarios y Ni\u00f1os del hogar<\/span><\/td>\n<\/tr>\n<\/tbody>\n<\/table>\n<h3 data-path-to-node=\"12\"><b data-path-to-node=\"12\" data-index-in-node=\"0\">M\u00e1s que una Visita, un Compromiso de Vida<\/b><\/h3>\n<p data-path-to-node=\"13\">La jornada concluy\u00f3 a las 14:00 con el retorno al proyecto, dejando una huella positiva tanto en los ni\u00f1os del orfanato como en nuestros j\u00f3venes voluntarios.<\/p>\n<p data-path-to-node=\"14\">Esta actividad no solo cumple con el objetivo de fortalecer el programa juvenil, sino que reafirma nuestra misi\u00f3n de poner <b data-path-to-node=\"14\" data-index-in-node=\"123\">talento, tiempo y recursos al servicio de Dios<\/b>, atendiendo las necesidades de los m\u00e1s vulnerables y evidenciando el amor cristiano en cada acci\u00f3n realizada.<\/p>\n\n\n<figure class=\"wp-block-gallery has-nested-images columns-default is-cropped wp-block-gallery-1 is-layout-flex wp-block-gallery-is-layout-flex\">\n<figure class=\"wp-block-image size-large\"><img loading=\"lazy\" decoding=\"async\" width=\"1000\" height=\"750\" data-id=\"202\" src=\"https:\/\/fundacionmitinajita.org\/wp-content\/uploads\/2026\/03\/fundacio-3.webp\" alt=\"\" class=\"wp-image-202\" srcset=\"https:\/\/fundacionmitinajita.org\/wp-content\/uploads\/2026\/03\/fundacio-3.webp 1000w, https:\/\/fundacionmitinajita.org\/wp-content\/uploads\/2026\/03\/fundacio-3-300x225.webp 300w, https:\/\/fundacionmitinajita.org\/wp-content\/uploads\/2026\/03\/fundacio-3-768x576.webp 768w\" sizes=\"auto, (max-width: 1000px) 100vw, 1000px\" \/><\/figure>\n\n\n\n<figure class=\"wp-block-image size-large\"><img loading=\"lazy\" decoding=\"async\" width=\"1000\" height=\"750\" data-id=\"204\" src=\"https:\/\/fundacionmitinajita.org\/wp-content\/uploads\/2026\/03\/fundacion-mi-tinajita.webp\" alt=\"\" class=\"wp-image-204\" srcset=\"https:\/\/fundacionmitinajita.org\/wp-content\/uploads\/2026\/03\/fundacion-mi-tinajita.webp 1000w, https:\/\/fundacionmitinajita.org\/wp-content\/uploads\/2026\/03\/fundacion-mi-tinajita-300x225.webp 300w, https:\/\/fundacionmitinajita.org\/wp-content\/uploads\/2026\/03\/fundacion-mi-tinajita-768x576.webp 768w\" sizes=\"auto, (max-width: 1000px) 100vw, 1000px\" \/><\/figure>\n\n\n\n<figure class=\"wp-block-image size-large\"><img loading=\"lazy\" decoding=\"async\" width=\"1000\" height=\"750\" data-id=\"203\" src=\"https:\/\/fundacionmitinajita.org\/wp-content\/uploads\/2026\/03\/fundacion-4.webp\" alt=\"\" class=\"wp-image-203\" srcset=\"https:\/\/fundacionmitinajita.org\/wp-content\/uploads\/2026\/03\/fundacion-4.webp 1000w, https:\/\/fundacionmitinajita.org\/wp-content\/uploads\/2026\/03\/fundacion-4-300x225.webp 300w, https:\/\/fundacionmitinajita.org\/wp-content\/uploads\/2026\/03\/fundacion-4-768x576.webp 768w\" sizes=\"auto, (max-width: 1000px) 100vw, 1000px\" \/><\/figure>\n<\/figure>\n<div style=\"margin-top: 0px; margin-bottom: 0px;\" class=\"sharethis-inline-reaction-buttons\" ><\/div>","protected":false},"excerpt":{"rendered":"<p>Barrio Guadalupe \u2013 El pasado s\u00e1bado 20 de septiembre de 2025, el esp\u00edritu de servicio de la Fundaci\u00f3n Mi Tinajita se hizo presente a trav\u00e9s de nuestro Grupo Juventud (PREGAP \u2013 GAP). En una jornada marcada por la entrega y el compa\u00f1erismo, 14 participantes dedicaron su tiempo y esfuerzo para apoyar a los ni\u00f1os y [&hellip;]<\/p>\n","protected":false},"author":4,"featured_media":0,"comment_status":"open","ping_status":"open","sticky":false,"template":"","format":"standard","meta":{"give_campaign_id":0,"footnotes":""},"categories":[1],"tags":[11,13,10,12],"class_list":["post-200","post","type-post","status-publish","format-standard","hentry","category-noticias","tag-apoyo-escolar","tag-convivencia","tag-pre-gap","tag-servicio"],"yoast_head":"<!-- This site is optimized with the Yoast SEO plugin v27.1.1 - https:\/\/yoast.com\/product\/yoast-seo-wordpress\/ -->\n<title>Juventud en Acci\u00f3n: Una Jornada de Servicio y Amor en el Orfanato Jhon Manruquer - Fundaci\u00f3n Mi Tinajita<\/title>\n<meta name=\"robots\" content=\"index, follow, max-snippet:-1, max-image-preview:large, max-video-preview:-1\" \/>\n<link rel=\"canonical\" href=\"https:\/\/fundacionmitinajita.org\/?p=200\" \/>\n<meta property=\"og:locale\" content=\"es_ES\" \/>\n<meta property=\"og:type\" content=\"article\" \/>\n<meta property=\"og:title\" content=\"Juventud en Acci\u00f3n: Una Jornada de Servicio y Amor en el Orfanato Jhon Manruquer - Fundaci\u00f3n Mi Tinajita\" \/>\n<meta property=\"og:description\" content=\"Barrio Guadalupe \u2013 El pasado s\u00e1bado 20 de septiembre de 2025, el esp\u00edritu de servicio de la Fundaci\u00f3n Mi Tinajita se hizo presente a trav\u00e9s de nuestro Grupo Juventud (PREGAP \u2013 GAP). En una jornada marcada por la entrega y el compa\u00f1erismo, 14 participantes dedicaron su tiempo y esfuerzo para apoyar a los ni\u00f1os y [&hellip;]\" \/>\n<meta property=\"og:url\" content=\"https:\/\/fundacionmitinajita.org\/?p=200\" \/>\n<meta property=\"og:site_name\" content=\"Fundaci\u00f3n Mi Tinajita\" \/>\n<meta property=\"article:published_time\" content=\"2025-09-20T21:30:00+00:00\" \/>\n<meta property=\"article:modified_time\" content=\"2026-03-16T21:42:36+00:00\" \/>\n<meta property=\"og:image\" content=\"https:\/\/fundacionmitinajita.org\/wp-content\/uploads\/2026\/03\/fundacio-2.webp\" \/>\n\t<meta property=\"og:image:width\" content=\"1000\" \/>\n\t<meta property=\"og:image:height\" content=\"750\" \/>\n\t<meta property=\"og:image:type\" content=\"image\/webp\" \/>\n<meta name=\"author\" content=\"Vilma Coro Fajardo\" \/>\n<meta name=\"twitter:card\" content=\"summary_large_image\" \/>\n<meta name=\"twitter:label1\" content=\"Escrito por\" \/>\n\t<meta name=\"twitter:data1\" content=\"Vilma Coro Fajardo\" \/>\n\t<meta name=\"twitter:label2\" content=\"Tiempo de lectura\" \/>\n\t<meta name=\"twitter:data2\" content=\"3 minutos\" \/>\n<script type=\"application\/ld+json\" class=\"yoast-schema-graph\">{\"@context\":\"https:\/\/schema.org\",\"@graph\":[{\"@type\":\"Article\",\"@id\":\"https:\/\/fundacionmitinajita.org\/?p=200#article\",\"isPartOf\":{\"@id\":\"https:\/\/fundacionmitinajita.org\/?p=200\"},\"author\":{\"name\":\"Vilma Coro Fajardo\",\"@id\":\"https:\/\/fundacionmitinajita.org\/#\/schema\/person\/b752171473865e0bf733d6055dacb00d\"},\"headline\":\"Juventud en Acci\u00f3n: Una Jornada de Servicio y Amor en el Orfanato Jhon Manruquer\",\"datePublished\":\"2025-09-20T21:30:00+00:00\",\"dateModified\":\"2026-03-16T21:42:36+00:00\",\"mainEntityOfPage\":{\"@id\":\"https:\/\/fundacionmitinajita.org\/?p=200\"},\"wordCount\":336,\"commentCount\":0,\"publisher\":{\"@id\":\"https:\/\/fundacionmitinajita.org\/#organization\"},\"image\":{\"@id\":\"https:\/\/fundacionmitinajita.org\/?p=200#primaryimage\"},\"thumbnailUrl\":\"https:\/\/fundacionmitinajita.org\/wp-content\/uploads\/2026\/03\/fundacio-2.webp\",\"keywords\":[\"apoyo escolar\",\"convivencia\",\"Pre-GAP\",\"servicio\"],\"articleSection\":[\"NOTICIAS\"],\"inLanguage\":\"es\",\"potentialAction\":[{\"@type\":\"CommentAction\",\"name\":\"Comment\",\"target\":[\"https:\/\/fundacionmitinajita.org\/?p=200#respond\"]}]},{\"@type\":\"WebPage\",\"@id\":\"https:\/\/fundacionmitinajita.org\/?p=200\",\"url\":\"https:\/\/fundacionmitinajita.org\/?p=200\",\"name\":\"Juventud en Acci\u00f3n: Una Jornada de Servicio y Amor en el Orfanato Jhon Manruquer - Fundaci\u00f3n Mi Tinajita\",\"isPartOf\":{\"@id\":\"https:\/\/fundacionmitinajita.org\/#website\"},\"primaryImageOfPage\":{\"@id\":\"https:\/\/fundacionmitinajita.org\/?p=200#primaryimage\"},\"image\":{\"@id\":\"https:\/\/fundacionmitinajita.org\/?p=200#primaryimage\"},\"thumbnailUrl\":\"https:\/\/fundacionmitinajita.org\/wp-content\/uploads\/2026\/03\/fundacio-2.webp\",\"datePublished\":\"2025-09-20T21:30:00+00:00\",\"dateModified\":\"2026-03-16T21:42:36+00:00\",\"breadcrumb\":{\"@id\":\"https:\/\/fundacionmitinajita.org\/?p=200#breadcrumb\"},\"inLanguage\":\"es\",\"potentialAction\":[{\"@type\":\"ReadAction\",\"target\":[\"https:\/\/fundacionmitinajita.org\/?p=200\"]}]},{\"@type\":\"ImageObject\",\"inLanguage\":\"es\",\"@id\":\"https:\/\/fundacionmitinajita.org\/?p=200#primaryimage\",\"url\":\"https:\/\/fundacionmitinajita.org\/wp-content\/uploads\/2026\/03\/fundacio-2.webp\",\"contentUrl\":\"https:\/\/fundacionmitinajita.org\/wp-content\/uploads\/2026\/03\/fundacio-2.webp\",\"width\":1000,\"height\":750},{\"@type\":\"BreadcrumbList\",\"@id\":\"https:\/\/fundacionmitinajita.org\/?p=200#breadcrumb\",\"itemListElement\":[{\"@type\":\"ListItem\",\"position\":1,\"name\":\"Portada\",\"item\":\"https:\/\/fundacionmitinajita.org\/\"},{\"@type\":\"ListItem\",\"position\":2,\"name\":\"Juventud en Acci\u00f3n: Una Jornada de Servicio y Amor en el Orfanato Jhon Manruquer\"}]},{\"@type\":\"WebSite\",\"@id\":\"https:\/\/fundacionmitinajita.org\/#website\",\"url\":\"https:\/\/fundacionmitinajita.org\/\",\"name\":\"Fundaci\u00f3n Mi Tinajita\",\"description\":\"\",\"publisher\":{\"@id\":\"https:\/\/fundacionmitinajita.org\/#organization\"},\"potentialAction\":[{\"@type\":\"SearchAction\",\"target\":{\"@type\":\"EntryPoint\",\"urlTemplate\":\"https:\/\/fundacionmitinajita.org\/?s={search_term_string}\"},\"query-input\":{\"@type\":\"PropertyValueSpecification\",\"valueRequired\":true,\"valueName\":\"search_term_string\"}}],\"inLanguage\":\"es\"},{\"@type\":\"Organization\",\"@id\":\"https:\/\/fundacionmitinajita.org\/#organization\",\"name\":\"Fundaci\u00f3n Mi Tinajita\",\"url\":\"https:\/\/fundacionmitinajita.org\/\",\"logo\":{\"@type\":\"ImageObject\",\"inLanguage\":\"es\",\"@id\":\"https:\/\/fundacionmitinajita.org\/#\/schema\/logo\/image\/\",\"url\":\"https:\/\/fundacionmitinajita.org\/wp-content\/uploads\/2025\/10\/cropped-ico-tinajita.webp\",\"contentUrl\":\"https:\/\/fundacionmitinajita.org\/wp-content\/uploads\/2025\/10\/cropped-ico-tinajita.webp\",\"width\":512,\"height\":512,\"caption\":\"Fundaci\u00f3n Mi Tinajita\"},\"image\":{\"@id\":\"https:\/\/fundacionmitinajita.org\/#\/schema\/logo\/image\/\"}},{\"@type\":\"Person\",\"@id\":\"https:\/\/fundacionmitinajita.org\/#\/schema\/person\/b752171473865e0bf733d6055dacb00d\",\"name\":\"Vilma Coro Fajardo\",\"image\":{\"@type\":\"ImageObject\",\"inLanguage\":\"es\",\"@id\":\"https:\/\/fundacionmitinajita.org\/#\/schema\/person\/image\/\",\"url\":\"https:\/\/secure.gravatar.com\/avatar\/dcbc377f9f6b15389950286595661be490a836ab35d70957227d17e518bc2d5d?s=96&d=mm&r=g\",\"contentUrl\":\"https:\/\/secure.gravatar.com\/avatar\/dcbc377f9f6b15389950286595661be490a836ab35d70957227d17e518bc2d5d?s=96&d=mm&r=g\",\"caption\":\"Vilma Coro Fajardo\"},\"sameAs\":[\"http:\/\/fundacionmitinajita.org\"],\"url\":\"https:\/\/fundacionmitinajita.org\/?author=4\"}]}<\/script>\n<!-- \/ Yoast SEO plugin. -->","yoast_head_json":{"title":"Juventud en Acci\u00f3n: Una Jornada de Servicio y Amor en el Orfanato Jhon Manruquer - Fundaci\u00f3n Mi Tinajita","robots":{"index":"index","follow":"follow","max-snippet":"max-snippet:-1","max-image-preview":"max-image-preview:large","max-video-preview":"max-video-preview:-1"},"canonical":"https:\/\/fundacionmitinajita.org\/?p=200","og_locale":"es_ES","og_type":"article","og_title":"Juventud en Acci\u00f3n: Una Jornada de Servicio y Amor en el Orfanato Jhon Manruquer - Fundaci\u00f3n Mi Tinajita","og_description":"Barrio Guadalupe \u2013 El pasado s\u00e1bado 20 de septiembre de 2025, el esp\u00edritu de servicio de la Fundaci\u00f3n Mi Tinajita se hizo presente a trav\u00e9s de nuestro Grupo Juventud (PREGAP \u2013 GAP). En una jornada marcada por la entrega y el compa\u00f1erismo, 14 participantes dedicaron su tiempo y esfuerzo para apoyar a los ni\u00f1os y [&hellip;]","og_url":"https:\/\/fundacionmitinajita.org\/?p=200","og_site_name":"Fundaci\u00f3n Mi Tinajita","article_published_time":"2025-09-20T21:30:00+00:00","article_modified_time":"2026-03-16T21:42:36+00:00","og_image":[{"width":1000,"height":750,"url":"https:\/\/fundacionmitinajita.org\/wp-content\/uploads\/2026\/03\/fundacio-2.webp","type":"image\/webp"}],"author":"Vilma Coro Fajardo","twitter_card":"summary_large_image","twitter_misc":{"Escrito por":"Vilma Coro Fajardo","Tiempo de lectura":"3 minutos"},"schema":{"@context":"https:\/\/schema.org","@graph":[{"@type":"Article","@id":"https:\/\/fundacionmitinajita.org\/?p=200#article","isPartOf":{"@id":"https:\/\/fundacionmitinajita.org\/?p=200"},"author":{"name":"Vilma Coro Fajardo","@id":"https:\/\/fundacionmitinajita.org\/#\/schema\/person\/b752171473865e0bf733d6055dacb00d"},"headline":"Juventud en Acci\u00f3n: Una Jornada de Servicio y Amor en el Orfanato Jhon Manruquer","datePublished":"2025-09-20T21:30:00+00:00","dateModified":"2026-03-16T21:42:36+00:00","mainEntityOfPage":{"@id":"https:\/\/fundacionmitinajita.org\/?p=200"},"wordCount":336,"commentCount":0,"publisher":{"@id":"https:\/\/fundacionmitinajita.org\/#organization"},"image":{"@id":"https:\/\/fundacionmitinajita.org\/?p=200#primaryimage"},"thumbnailUrl":"https:\/\/fundacionmitinajita.org\/wp-content\/uploads\/2026\/03\/fundacio-2.webp","keywords":["apoyo escolar","convivencia","Pre-GAP","servicio"],"articleSection":["NOTICIAS"],"inLanguage":"es","potentialAction":[{"@type":"CommentAction","name":"Comment","target":["https:\/\/fundacionmitinajita.org\/?p=200#respond"]}]},{"@type":"WebPage","@id":"https:\/\/fundacionmitinajita.org\/?p=200","url":"https:\/\/fundacionmitinajita.org\/?p=200","name":"Juventud en Acci\u00f3n: Una Jornada de Servicio y Amor en el Orfanato Jhon Manruquer - Fundaci\u00f3n Mi Tinajita","isPartOf":{"@id":"https:\/\/fundacionmitinajita.org\/#website"},"primaryImageOfPage":{"@id":"https:\/\/fundacionmitinajita.org\/?p=200#primaryimage"},"image":{"@id":"https:\/\/fundacionmitinajita.org\/?p=200#primaryimage"},"thumbnailUrl":"https:\/\/fundacionmitinajita.org\/wp-content\/uploads\/2026\/03\/fundacio-2.webp","datePublished":"2025-09-20T21:30:00+00:00","dateModified":"2026-03-16T21:42:36+00:00","breadcrumb":{"@id":"https:\/\/fundacionmitinajita.org\/?p=200#breadcrumb"},"inLanguage":"es","potentialAction":[{"@type":"ReadAction","target":["https:\/\/fundacionmitinajita.org\/?p=200"]}]},{"@type":"ImageObject","inLanguage":"es","@id":"https:\/\/fundacionmitinajita.org\/?p=200#primaryimage","url":"https:\/\/fundacionmitinajita.org\/wp-content\/uploads\/2026\/03\/fundacio-2.webp","contentUrl":"https:\/\/fundacionmitinajita.org\/wp-content\/uploads\/2026\/03\/fundacio-2.webp","width":1000,"height":750},{"@type":"BreadcrumbList","@id":"https:\/\/fundacionmitinajita.org\/?p=200#breadcrumb","itemListElement":[{"@type":"ListItem","position":1,"name":"Portada","item":"https:\/\/fundacionmitinajita.org\/"},{"@type":"ListItem","position":2,"name":"Juventud en Acci\u00f3n: Una Jornada de Servicio y Amor en el Orfanato Jhon Manruquer"}]},{"@type":"WebSite","@id":"https:\/\/fundacionmitinajita.org\/#website","url":"https:\/\/fundacionmitinajita.org\/","name":"Fundaci\u00f3n Mi Tinajita","description":"","publisher":{"@id":"https:\/\/fundacionmitinajita.org\/#organization"},"potentialAction":[{"@type":"SearchAction","target":{"@type":"EntryPoint","urlTemplate":"https:\/\/fundacionmitinajita.org\/?s={search_term_string}"},"query-input":{"@type":"PropertyValueSpecification","valueRequired":true,"valueName":"search_term_string"}}],"inLanguage":"es"},{"@type":"Organization","@id":"https:\/\/fundacionmitinajita.org\/#organization","name":"Fundaci\u00f3n Mi Tinajita","url":"https:\/\/fundacionmitinajita.org\/","logo":{"@type":"ImageObject","inLanguage":"es","@id":"https:\/\/fundacionmitinajita.org\/#\/schema\/logo\/image\/","url":"https:\/\/fundacionmitinajita.org\/wp-content\/uploads\/2025\/10\/cropped-ico-tinajita.webp","contentUrl":"https:\/\/fundacionmitinajita.org\/wp-content\/uploads\/2025\/10\/cropped-ico-tinajita.webp","width":512,"height":512,"caption":"Fundaci\u00f3n Mi Tinajita"},"image":{"@id":"https:\/\/fundacionmitinajita.org\/#\/schema\/logo\/image\/"}},{"@type":"Person","@id":"https:\/\/fundacionmitinajita.org\/#\/schema\/person\/b752171473865e0bf733d6055dacb00d","name":"Vilma Coro Fajardo","image":{"@type":"ImageObject","inLanguage":"es","@id":"https:\/\/fundacionmitinajita.org\/#\/schema\/person\/image\/","url":"https:\/\/secure.gravatar.com\/avatar\/dcbc377f9f6b15389950286595661be490a836ab35d70957227d17e518bc2d5d?s=96&d=mm&r=g","contentUrl":"https:\/\/secure.gravatar.com\/avatar\/dcbc377f9f6b15389950286595661be490a836ab35d70957227d17e518bc2d5d?s=96&d=mm&r=g","caption":"Vilma Coro Fajardo"},"sameAs":["http:\/\/fundacionmitinajita.org"],"url":"https:\/\/fundacionmitinajita.org\/?author=4"}]}},"_links":{"self":[{"href":"https:\/\/fundacionmitinajita.org\/index.php?rest_route=\/wp\/v2\/posts\/200","targetHints":{"allow":["GET"]}}],"collection":[{"href":"https:\/\/fundacionmitinajita.org\/index.php?rest_route=\/wp\/v2\/posts"}],"about":[{"href":"https:\/\/fundacionmitinajita.org\/index.php?rest_route=\/wp\/v2\/types\/post"}],"author":[{"embeddable":true,"href":"https:\/\/fundacionmitinajita.org\/index.php?rest_route=\/wp\/v2\/users\/4"}],"replies":[{"embeddable":true,"href":"https:\/\/fundacionmitinajita.org\/index.php?rest_route=%2Fwp%2Fv2%2Fcomments&post=200"}],"version-history":[{"count":1,"href":"https:\/\/fundacionmitinajita.org\/index.php?rest_route=\/wp\/v2\/posts\/200\/revisions"}],"predecessor-version":[{"id":205,"href":"https:\/\/fundacionmitinajita.org\/index.php?rest_route=\/wp\/v2\/posts\/200\/revisions\/205"}],"wp:attachment":[{"href":"https:\/\/fundacionmitinajita.org\/index.php?rest_route=%2Fwp%2Fv2%2Fmedia&parent=200"}],"wp:term":[{"taxonomy":"category","embeddable":true,"href":"https:\/\/fundacionmitinajita.org\/index.php?rest_route=%2Fwp%2Fv2%2Fcategories&post=200"},{"taxonomy":"post_tag","embeddable":true,"href":"https:\/\/fundacionmitinajita.org\/index.php?rest_route=%2Fwp%2Fv2%2Ftags&post=200"}],"curies":[{"name":"wp","href":"https:\/\/api.w.org\/{rel}","templated":true}]}}