{"id":165,"date":"2025-03-20T17:03:00","date_gmt":"2025-03-20T21:03:00","guid":{"rendered":"https:\/\/fundacionmitinajita.org\/?p=165"},"modified":"2026-03-17T01:50:12","modified_gmt":"2026-03-17T05:50:12","slug":"iglesia-cristo-rey-celebra-el-dia-del-padre-con-mensaje-de-amor-y-fe","status":"publish","type":"post","link":"https:\/\/fundacionmitinajita.org\/?p=165","title":{"rendered":"Iglesia Cristo Rey Celebra el D\u00eda del Padre con Mensaje de Amor y Fe"},"content":{"rendered":"\n<figure class=\"wp-block-image size-full\"><img loading=\"lazy\" decoding=\"async\" width=\"1000\" height=\"671\" src=\"https:\/\/fundacionmitinajita.org\/wp-content\/uploads\/2025\/10\/foto-1.webp\" alt=\"\" class=\"wp-image-166\" srcset=\"https:\/\/fundacionmitinajita.org\/wp-content\/uploads\/2025\/10\/foto-1.webp 1000w, https:\/\/fundacionmitinajita.org\/wp-content\/uploads\/2025\/10\/foto-1-300x201.webp 300w, https:\/\/fundacionmitinajita.org\/wp-content\/uploads\/2025\/10\/foto-1-768x515.webp 768w\" sizes=\"auto, (max-width: 1000px) 100vw, 1000px\" \/><\/figure>\n\n\n<p class=\"ds-markdown-paragraph\">Tan compasivo es el Se\u00f1or con los que le temen como lo es un padre con sus hijos\u00bb &#8211; Salmos 103:13<!--more--><\/p>\n<p class=\"ds-markdown-paragraph\"><strong>IGLESIA CRISTO REY, 19 de marzo del 2025 &#8211; <\/strong>En un ambiente lleno de gratitud y afecto, la comunidad de la Iglesia Cristo Rey rindi\u00f3 un sentido homenaje a todos los padres en el marco de la celebraci\u00f3n de su d\u00eda. La actividad, centrada en el mensaje del Salmos 103:13, destac\u00f3 la profunda compasi\u00f3n de Dios y c\u00f3mo los padres terrenales reflejan ese amor divino.<\/p>\n<p class=\"ds-markdown-paragraph\">Durante la celebraci\u00f3n, se dirigi\u00f3 un mensaje especial a cada uno de los padres de la congregaci\u00f3n, reconoci\u00e9ndolos como pilares fundamentales de la familia y la fe. \u201cSon para nosotros nuestras gu\u00edas, protectores, sabios y amorosos. Su gu\u00eda nos fortalece e inspira, su ejemplo nos instruye en el camino correcto y deja huellas en nuestros corazones\u201d, se expres\u00f3 en un emotivo discurso.<\/p>\n<p class=\"ds-markdown-paragraph\">La iglesia agradeci\u00f3 profundamente a los padres por asumir con responsabilidad y amor su rol como cabezas de los hogares, describi\u00e9ndolos como \u201ch\u00e9roes cada d\u00eda\u201d. El cari\u00f1o y el respeto hacia su labor fueron la nota predominante de un evento que busc\u00f3 honrar no solo su presencia, sino tambi\u00e9n su influencia espiritual y moral en la vida de sus hijos y en toda la comunidad.<\/p>\n<p class=\"ds-markdown-paragraph\">El cierre de la actividad fue una c\u00e1lida y festiva felicitaci\u00f3n: \u201c\u00a1Feliz d\u00eda, querido pap\u00e1!\u201d. La Iglesia Cristo Rey reafirma as\u00ed su compromiso de fortalecer los lazos familiares y celebrar las virtudes que edifican una sociedad basada en el amor y el temor a Dios.<\/p>\n\n\n<figure class=\"wp-block-gallery has-nested-images columns-default is-cropped wp-block-gallery-1 is-layout-flex wp-block-gallery-is-layout-flex\">\n<figure class=\"wp-block-image size-large\"><img loading=\"lazy\" decoding=\"async\" width=\"1000\" height=\"750\" data-id=\"167\" src=\"https:\/\/fundacionmitinajita.org\/wp-content\/uploads\/2025\/10\/foto-2.webp\" alt=\"\" class=\"wp-image-167\" srcset=\"https:\/\/fundacionmitinajita.org\/wp-content\/uploads\/2025\/10\/foto-2.webp 1000w, https:\/\/fundacionmitinajita.org\/wp-content\/uploads\/2025\/10\/foto-2-300x225.webp 300w, https:\/\/fundacionmitinajita.org\/wp-content\/uploads\/2025\/10\/foto-2-768x576.webp 768w\" sizes=\"auto, (max-width: 1000px) 100vw, 1000px\" \/><\/figure>\n\n\n\n<figure class=\"wp-block-image size-large\"><img loading=\"lazy\" decoding=\"async\" width=\"768\" height=\"1024\" data-id=\"168\" src=\"https:\/\/fundacionmitinajita.org\/wp-content\/uploads\/2025\/10\/foto-3-768x1024.webp\" alt=\"\" class=\"wp-image-168\" srcset=\"https:\/\/fundacionmitinajita.org\/wp-content\/uploads\/2025\/10\/foto-3-768x1024.webp 768w, https:\/\/fundacionmitinajita.org\/wp-content\/uploads\/2025\/10\/foto-3-225x300.webp 225w, https:\/\/fundacionmitinajita.org\/wp-content\/uploads\/2025\/10\/foto-3.webp 810w\" sizes=\"auto, (max-width: 768px) 100vw, 768px\" \/><\/figure>\n\n\n\n<figure class=\"wp-block-image size-large\"><img loading=\"lazy\" decoding=\"async\" width=\"1000\" height=\"750\" data-id=\"170\" src=\"https:\/\/fundacionmitinajita.org\/wp-content\/uploads\/2025\/10\/foto-4.webp\" alt=\"\" class=\"wp-image-170\" srcset=\"https:\/\/fundacionmitinajita.org\/wp-content\/uploads\/2025\/10\/foto-4.webp 1000w, https:\/\/fundacionmitinajita.org\/wp-content\/uploads\/2025\/10\/foto-4-300x225.webp 300w, https:\/\/fundacionmitinajita.org\/wp-content\/uploads\/2025\/10\/foto-4-768x576.webp 768w\" sizes=\"auto, (max-width: 1000px) 100vw, 1000px\" \/><\/figure>\n\n\n\n<figure class=\"wp-block-image size-large\"><img loading=\"lazy\" decoding=\"async\" width=\"1000\" height=\"750\" data-id=\"169\" src=\"https:\/\/fundacionmitinajita.org\/wp-content\/uploads\/2025\/10\/foto-5.webp\" alt=\"\" class=\"wp-image-169\" srcset=\"https:\/\/fundacionmitinajita.org\/wp-content\/uploads\/2025\/10\/foto-5.webp 1000w, https:\/\/fundacionmitinajita.org\/wp-content\/uploads\/2025\/10\/foto-5-300x225.webp 300w, https:\/\/fundacionmitinajita.org\/wp-content\/uploads\/2025\/10\/foto-5-768x576.webp 768w\" sizes=\"auto, (max-width: 1000px) 100vw, 1000px\" \/><\/figure>\n<\/figure>\n<div style=\"margin-top: 0px; margin-bottom: 0px;\" class=\"sharethis-inline-reaction-buttons\" ><\/div>","protected":false},"excerpt":{"rendered":"<p>Tan compasivo es el Se\u00f1or con los que le temen como lo es un padre con sus hijos\u00bb &#8211; Salmos 103:13<\/p>\n","protected":false},"author":4,"featured_media":0,"comment_status":"open","ping_status":"open","sticky":false,"template":"","format":"standard","meta":{"give_campaign_id":0,"footnotes":""},"categories":[1],"tags":[8,9,6],"class_list":["post-165","post","type-post","status-publish","format-standard","hentry","category-noticias","tag-dia-del-padre","tag-iglesia","tag-montero"],"yoast_head":"<!-- This site is optimized with the Yoast SEO plugin v27.1.1 - https:\/\/yoast.com\/product\/yoast-seo-wordpress\/ -->\n<title>Iglesia Cristo Rey Celebra el D\u00eda del Padre con Mensaje de Amor y Fe - Fundaci\u00f3n Mi Tinajita<\/title>\n<meta name=\"robots\" content=\"index, follow, max-snippet:-1, max-image-preview:large, max-video-preview:-1\" \/>\n<link rel=\"canonical\" href=\"https:\/\/fundacionmitinajita.org\/?p=165\" \/>\n<meta property=\"og:locale\" content=\"es_ES\" \/>\n<meta property=\"og:type\" content=\"article\" \/>\n<meta property=\"og:title\" content=\"Iglesia Cristo Rey Celebra el D\u00eda del Padre con Mensaje de Amor y Fe - Fundaci\u00f3n Mi Tinajita\" \/>\n<meta property=\"og:description\" content=\"Tan compasivo es el Se\u00f1or con los que le temen como lo es un padre con sus hijos\u00bb &#8211; Salmos 103:13\" \/>\n<meta property=\"og:url\" content=\"https:\/\/fundacionmitinajita.org\/?p=165\" \/>\n<meta property=\"og:site_name\" content=\"Fundaci\u00f3n Mi Tinajita\" \/>\n<meta property=\"article:published_time\" content=\"2025-03-20T21:03:00+00:00\" \/>\n<meta property=\"article:modified_time\" content=\"2026-03-17T05:50:12+00:00\" \/>\n<meta property=\"og:image\" content=\"https:\/\/fundacionmitinajita.org\/wp-content\/uploads\/2025\/10\/foto-1.webp\" \/>\n\t<meta property=\"og:image:width\" content=\"1000\" \/>\n\t<meta property=\"og:image:height\" content=\"671\" \/>\n\t<meta property=\"og:image:type\" content=\"image\/webp\" \/>\n<meta name=\"author\" content=\"Vilma Coro Fajardo\" \/>\n<meta name=\"twitter:card\" content=\"summary_large_image\" \/>\n<meta name=\"twitter:label1\" content=\"Escrito por\" \/>\n\t<meta name=\"twitter:data1\" content=\"Vilma Coro Fajardo\" \/>\n\t<meta name=\"twitter:label2\" content=\"Tiempo de lectura\" \/>\n\t<meta name=\"twitter:data2\" content=\"3 minutos\" \/>\n<script type=\"application\/ld+json\" class=\"yoast-schema-graph\">{\"@context\":\"https:\/\/schema.org\",\"@graph\":[{\"@type\":\"Article\",\"@id\":\"https:\/\/fundacionmitinajita.org\/?p=165#article\",\"isPartOf\":{\"@id\":\"https:\/\/fundacionmitinajita.org\/?p=165\"},\"author\":{\"name\":\"Vilma Coro Fajardo\",\"@id\":\"https:\/\/fundacionmitinajita.org\/#\/schema\/person\/b752171473865e0bf733d6055dacb00d\"},\"headline\":\"Iglesia Cristo Rey Celebra el D\u00eda del Padre con Mensaje de Amor y Fe\",\"datePublished\":\"2025-03-20T21:03:00+00:00\",\"dateModified\":\"2026-03-17T05:50:12+00:00\",\"mainEntityOfPage\":{\"@id\":\"https:\/\/fundacionmitinajita.org\/?p=165\"},\"wordCount\":287,\"commentCount\":0,\"publisher\":{\"@id\":\"https:\/\/fundacionmitinajita.org\/#organization\"},\"image\":{\"@id\":\"https:\/\/fundacionmitinajita.org\/?p=165#primaryimage\"},\"thumbnailUrl\":\"https:\/\/fundacionmitinajita.org\/wp-content\/uploads\/2025\/10\/foto-1.webp\",\"keywords\":[\"Dia del padre\",\"iglesia\",\"Montero\"],\"articleSection\":[\"NOTICIAS\"],\"inLanguage\":\"es\",\"potentialAction\":[{\"@type\":\"CommentAction\",\"name\":\"Comment\",\"target\":[\"https:\/\/fundacionmitinajita.org\/?p=165#respond\"]}]},{\"@type\":\"WebPage\",\"@id\":\"https:\/\/fundacionmitinajita.org\/?p=165\",\"url\":\"https:\/\/fundacionmitinajita.org\/?p=165\",\"name\":\"Iglesia Cristo Rey Celebra el D\u00eda del Padre con Mensaje de Amor y Fe - Fundaci\u00f3n Mi Tinajita\",\"isPartOf\":{\"@id\":\"https:\/\/fundacionmitinajita.org\/#website\"},\"primaryImageOfPage\":{\"@id\":\"https:\/\/fundacionmitinajita.org\/?p=165#primaryimage\"},\"image\":{\"@id\":\"https:\/\/fundacionmitinajita.org\/?p=165#primaryimage\"},\"thumbnailUrl\":\"https:\/\/fundacionmitinajita.org\/wp-content\/uploads\/2025\/10\/foto-1.webp\",\"datePublished\":\"2025-03-20T21:03:00+00:00\",\"dateModified\":\"2026-03-17T05:50:12+00:00\",\"breadcrumb\":{\"@id\":\"https:\/\/fundacionmitinajita.org\/?p=165#breadcrumb\"},\"inLanguage\":\"es\",\"potentialAction\":[{\"@type\":\"ReadAction\",\"target\":[\"https:\/\/fundacionmitinajita.org\/?p=165\"]}]},{\"@type\":\"ImageObject\",\"inLanguage\":\"es\",\"@id\":\"https:\/\/fundacionmitinajita.org\/?p=165#primaryimage\",\"url\":\"https:\/\/fundacionmitinajita.org\/wp-content\/uploads\/2025\/10\/foto-1.webp\",\"contentUrl\":\"https:\/\/fundacionmitinajita.org\/wp-content\/uploads\/2025\/10\/foto-1.webp\",\"width\":1000,\"height\":671},{\"@type\":\"BreadcrumbList\",\"@id\":\"https:\/\/fundacionmitinajita.org\/?p=165#breadcrumb\",\"itemListElement\":[{\"@type\":\"ListItem\",\"position\":1,\"name\":\"Portada\",\"item\":\"https:\/\/fundacionmitinajita.org\/\"},{\"@type\":\"ListItem\",\"position\":2,\"name\":\"Iglesia Cristo Rey Celebra el D\u00eda del Padre con Mensaje de Amor y Fe\"}]},{\"@type\":\"WebSite\",\"@id\":\"https:\/\/fundacionmitinajita.org\/#website\",\"url\":\"https:\/\/fundacionmitinajita.org\/\",\"name\":\"Fundaci\u00f3n Mi Tinajita\",\"description\":\"\",\"publisher\":{\"@id\":\"https:\/\/fundacionmitinajita.org\/#organization\"},\"potentialAction\":[{\"@type\":\"SearchAction\",\"target\":{\"@type\":\"EntryPoint\",\"urlTemplate\":\"https:\/\/fundacionmitinajita.org\/?s={search_term_string}\"},\"query-input\":{\"@type\":\"PropertyValueSpecification\",\"valueRequired\":true,\"valueName\":\"search_term_string\"}}],\"inLanguage\":\"es\"},{\"@type\":\"Organization\",\"@id\":\"https:\/\/fundacionmitinajita.org\/#organization\",\"name\":\"Fundaci\u00f3n Mi Tinajita\",\"url\":\"https:\/\/fundacionmitinajita.org\/\",\"logo\":{\"@type\":\"ImageObject\",\"inLanguage\":\"es\",\"@id\":\"https:\/\/fundacionmitinajita.org\/#\/schema\/logo\/image\/\",\"url\":\"https:\/\/fundacionmitinajita.org\/wp-content\/uploads\/2025\/10\/cropped-ico-tinajita.webp\",\"contentUrl\":\"https:\/\/fundacionmitinajita.org\/wp-content\/uploads\/2025\/10\/cropped-ico-tinajita.webp\",\"width\":512,\"height\":512,\"caption\":\"Fundaci\u00f3n Mi Tinajita\"},\"image\":{\"@id\":\"https:\/\/fundacionmitinajita.org\/#\/schema\/logo\/image\/\"}},{\"@type\":\"Person\",\"@id\":\"https:\/\/fundacionmitinajita.org\/#\/schema\/person\/b752171473865e0bf733d6055dacb00d\",\"name\":\"Vilma Coro Fajardo\",\"image\":{\"@type\":\"ImageObject\",\"inLanguage\":\"es\",\"@id\":\"https:\/\/fundacionmitinajita.org\/#\/schema\/person\/image\/\",\"url\":\"https:\/\/secure.gravatar.com\/avatar\/dcbc377f9f6b15389950286595661be490a836ab35d70957227d17e518bc2d5d?s=96&d=mm&r=g\",\"contentUrl\":\"https:\/\/secure.gravatar.com\/avatar\/dcbc377f9f6b15389950286595661be490a836ab35d70957227d17e518bc2d5d?s=96&d=mm&r=g\",\"caption\":\"Vilma Coro Fajardo\"},\"sameAs\":[\"http:\/\/fundacionmitinajita.org\"],\"url\":\"https:\/\/fundacionmitinajita.org\/?author=4\"}]}<\/script>\n<!-- \/ Yoast SEO plugin. -->","yoast_head_json":{"title":"Iglesia Cristo Rey Celebra el D\u00eda del Padre con Mensaje de Amor y Fe - Fundaci\u00f3n Mi Tinajita","robots":{"index":"index","follow":"follow","max-snippet":"max-snippet:-1","max-image-preview":"max-image-preview:large","max-video-preview":"max-video-preview:-1"},"canonical":"https:\/\/fundacionmitinajita.org\/?p=165","og_locale":"es_ES","og_type":"article","og_title":"Iglesia Cristo Rey Celebra el D\u00eda del Padre con Mensaje de Amor y Fe - Fundaci\u00f3n Mi Tinajita","og_description":"Tan compasivo es el Se\u00f1or con los que le temen como lo es un padre con sus hijos\u00bb &#8211; Salmos 103:13","og_url":"https:\/\/fundacionmitinajita.org\/?p=165","og_site_name":"Fundaci\u00f3n Mi Tinajita","article_published_time":"2025-03-20T21:03:00+00:00","article_modified_time":"2026-03-17T05:50:12+00:00","og_image":[{"width":1000,"height":671,"url":"https:\/\/fundacionmitinajita.org\/wp-content\/uploads\/2025\/10\/foto-1.webp","type":"image\/webp"}],"author":"Vilma Coro Fajardo","twitter_card":"summary_large_image","twitter_misc":{"Escrito por":"Vilma Coro Fajardo","Tiempo de lectura":"3 minutos"},"schema":{"@context":"https:\/\/schema.org","@graph":[{"@type":"Article","@id":"https:\/\/fundacionmitinajita.org\/?p=165#article","isPartOf":{"@id":"https:\/\/fundacionmitinajita.org\/?p=165"},"author":{"name":"Vilma Coro Fajardo","@id":"https:\/\/fundacionmitinajita.org\/#\/schema\/person\/b752171473865e0bf733d6055dacb00d"},"headline":"Iglesia Cristo Rey Celebra el D\u00eda del Padre con Mensaje de Amor y Fe","datePublished":"2025-03-20T21:03:00+00:00","dateModified":"2026-03-17T05:50:12+00:00","mainEntityOfPage":{"@id":"https:\/\/fundacionmitinajita.org\/?p=165"},"wordCount":287,"commentCount":0,"publisher":{"@id":"https:\/\/fundacionmitinajita.org\/#organization"},"image":{"@id":"https:\/\/fundacionmitinajita.org\/?p=165#primaryimage"},"thumbnailUrl":"https:\/\/fundacionmitinajita.org\/wp-content\/uploads\/2025\/10\/foto-1.webp","keywords":["Dia del padre","iglesia","Montero"],"articleSection":["NOTICIAS"],"inLanguage":"es","potentialAction":[{"@type":"CommentAction","name":"Comment","target":["https:\/\/fundacionmitinajita.org\/?p=165#respond"]}]},{"@type":"WebPage","@id":"https:\/\/fundacionmitinajita.org\/?p=165","url":"https:\/\/fundacionmitinajita.org\/?p=165","name":"Iglesia Cristo Rey Celebra el D\u00eda del Padre con Mensaje de Amor y Fe - Fundaci\u00f3n Mi Tinajita","isPartOf":{"@id":"https:\/\/fundacionmitinajita.org\/#website"},"primaryImageOfPage":{"@id":"https:\/\/fundacionmitinajita.org\/?p=165#primaryimage"},"image":{"@id":"https:\/\/fundacionmitinajita.org\/?p=165#primaryimage"},"thumbnailUrl":"https:\/\/fundacionmitinajita.org\/wp-content\/uploads\/2025\/10\/foto-1.webp","datePublished":"2025-03-20T21:03:00+00:00","dateModified":"2026-03-17T05:50:12+00:00","breadcrumb":{"@id":"https:\/\/fundacionmitinajita.org\/?p=165#breadcrumb"},"inLanguage":"es","potentialAction":[{"@type":"ReadAction","target":["https:\/\/fundacionmitinajita.org\/?p=165"]}]},{"@type":"ImageObject","inLanguage":"es","@id":"https:\/\/fundacionmitinajita.org\/?p=165#primaryimage","url":"https:\/\/fundacionmitinajita.org\/wp-content\/uploads\/2025\/10\/foto-1.webp","contentUrl":"https:\/\/fundacionmitinajita.org\/wp-content\/uploads\/2025\/10\/foto-1.webp","width":1000,"height":671},{"@type":"BreadcrumbList","@id":"https:\/\/fundacionmitinajita.org\/?p=165#breadcrumb","itemListElement":[{"@type":"ListItem","position":1,"name":"Portada","item":"https:\/\/fundacionmitinajita.org\/"},{"@type":"ListItem","position":2,"name":"Iglesia Cristo Rey Celebra el D\u00eda del Padre con Mensaje de Amor y Fe"}]},{"@type":"WebSite","@id":"https:\/\/fundacionmitinajita.org\/#website","url":"https:\/\/fundacionmitinajita.org\/","name":"Fundaci\u00f3n Mi Tinajita","description":"","publisher":{"@id":"https:\/\/fundacionmitinajita.org\/#organization"},"potentialAction":[{"@type":"SearchAction","target":{"@type":"EntryPoint","urlTemplate":"https:\/\/fundacionmitinajita.org\/?s={search_term_string}"},"query-input":{"@type":"PropertyValueSpecification","valueRequired":true,"valueName":"search_term_string"}}],"inLanguage":"es"},{"@type":"Organization","@id":"https:\/\/fundacionmitinajita.org\/#organization","name":"Fundaci\u00f3n Mi Tinajita","url":"https:\/\/fundacionmitinajita.org\/","logo":{"@type":"ImageObject","inLanguage":"es","@id":"https:\/\/fundacionmitinajita.org\/#\/schema\/logo\/image\/","url":"https:\/\/fundacionmitinajita.org\/wp-content\/uploads\/2025\/10\/cropped-ico-tinajita.webp","contentUrl":"https:\/\/fundacionmitinajita.org\/wp-content\/uploads\/2025\/10\/cropped-ico-tinajita.webp","width":512,"height":512,"caption":"Fundaci\u00f3n Mi Tinajita"},"image":{"@id":"https:\/\/fundacionmitinajita.org\/#\/schema\/logo\/image\/"}},{"@type":"Person","@id":"https:\/\/fundacionmitinajita.org\/#\/schema\/person\/b752171473865e0bf733d6055dacb00d","name":"Vilma Coro Fajardo","image":{"@type":"ImageObject","inLanguage":"es","@id":"https:\/\/fundacionmitinajita.org\/#\/schema\/person\/image\/","url":"https:\/\/secure.gravatar.com\/avatar\/dcbc377f9f6b15389950286595661be490a836ab35d70957227d17e518bc2d5d?s=96&d=mm&r=g","contentUrl":"https:\/\/secure.gravatar.com\/avatar\/dcbc377f9f6b15389950286595661be490a836ab35d70957227d17e518bc2d5d?s=96&d=mm&r=g","caption":"Vilma Coro Fajardo"},"sameAs":["http:\/\/fundacionmitinajita.org"],"url":"https:\/\/fundacionmitinajita.org\/?author=4"}]}},"_links":{"self":[{"href":"https:\/\/fundacionmitinajita.org\/index.php?rest_route=\/wp\/v2\/posts\/165","targetHints":{"allow":["GET"]}}],"collection":[{"href":"https:\/\/fundacionmitinajita.org\/index.php?rest_route=\/wp\/v2\/posts"}],"about":[{"href":"https:\/\/fundacionmitinajita.org\/index.php?rest_route=\/wp\/v2\/types\/post"}],"author":[{"embeddable":true,"href":"https:\/\/fundacionmitinajita.org\/index.php?rest_route=\/wp\/v2\/users\/4"}],"replies":[{"embeddable":true,"href":"https:\/\/fundacionmitinajita.org\/index.php?rest_route=%2Fwp%2Fv2%2Fcomments&post=165"}],"version-history":[{"count":1,"href":"https:\/\/fundacionmitinajita.org\/index.php?rest_route=\/wp\/v2\/posts\/165\/revisions"}],"predecessor-version":[{"id":171,"href":"https:\/\/fundacionmitinajita.org\/index.php?rest_route=\/wp\/v2\/posts\/165\/revisions\/171"}],"wp:attachment":[{"href":"https:\/\/fundacionmitinajita.org\/index.php?rest_route=%2Fwp%2Fv2%2Fmedia&parent=165"}],"wp:term":[{"taxonomy":"category","embeddable":true,"href":"https:\/\/fundacionmitinajita.org\/index.php?rest_route=%2Fwp%2Fv2%2Fcategories&post=165"},{"taxonomy":"post_tag","embeddable":true,"href":"https:\/\/fundacionmitinajita.org\/index.php?rest_route=%2Fwp%2Fv2%2Ftags&post=165"}],"curies":[{"name":"wp","href":"https:\/\/api.w.org\/{rel}","templated":true}]}}