{"id":159,"date":"2025-10-27T16:24:58","date_gmt":"2025-10-27T20:24:58","guid":{"rendered":"https:\/\/fundacionmitinajita.org\/?p=159"},"modified":"2025-10-27T16:24:59","modified_gmt":"2025-10-27T20:24:59","slug":"celebramos-17-anos-de-fidelidad-un-viaje-de-fe-y-proposito","status":"publish","type":"post","link":"https:\/\/fundacionmitinajita.org\/?p=159","title":{"rendered":"\u00a0\u00a1Celebramos 17 A\u00f1os de Fidelidad! Un Viaje de Fe y Prop\u00f3sito"},"content":{"rendered":"\n<figure class=\"wp-block-image size-full\"><img loading=\"lazy\" decoding=\"async\" width=\"1000\" height=\"750\" src=\"https:\/\/fundacionmitinajita.org\/wp-content\/uploads\/2025\/10\/fffg.webp\" alt=\"\" class=\"wp-image-160\" srcset=\"https:\/\/fundacionmitinajita.org\/wp-content\/uploads\/2025\/10\/fffg.webp 1000w, https:\/\/fundacionmitinajita.org\/wp-content\/uploads\/2025\/10\/fffg-300x225.webp 300w, https:\/\/fundacionmitinajita.org\/wp-content\/uploads\/2025\/10\/fffg-768x576.webp 768w\" sizes=\"auto, (max-width: 1000px) 100vw, 1000px\" \/><\/figure>\n\n\n<p>Nuestro ministerio conmemora un nuevo aniversario, recordando que en el tiempo perfecto de Dios, todo se cumple.<!--more--><\/p>\n<p class=\"ds-markdown-paragraph\"><strong>Montero, <\/strong>\u00a0\u2013 Con un coraz\u00f3n lleno de gratitud, nuestro ministerio cierra el mes de mayo celebrando\u00a0<strong>17 a\u00f1os de vida y servicio<\/strong>. Este mes, que alberg\u00f3 nuestro aniversario, ha sido una oportunidad para reflexionar sobre el incre\u00edble viaje de fe que hemos emprendido.<\/p>\n<p class=\"ds-markdown-paragraph\">\u201c17 a\u00f1os de vida parecen f\u00e1ciles, pero no lo es. Solo Dios nos ha sostenido en estos a\u00f1os, y por fe sabemos que lo seguir\u00e1 haciendo\u201d, es el testimonio que compartimos como comunidad. Cada paso, cada desaf\u00edo y cada victoria dan fe de una mano divina que nunca nos ha soltado.<\/p>\n<p class=\"ds-markdown-paragraph\">La tem\u00e1tica que gui\u00f3 nuestra celebraci\u00f3n este a\u00f1o fue\u00a0<strong>\u201cTodo tiene su tiempo\u201d<\/strong>, un recordatorio poderoso de que Dios, en su fidelidad incomparable, obra en su tiempo preciso. No antes, ni despu\u00e9s. \u00c9l nos dar\u00e1 lo que hemos pedido en oraci\u00f3n y cumplir\u00e1 sus prop\u00f3sitos cuando el momento sea perfecto.<\/p>\n<p class=\"ds-markdown-paragraph\">Para revivir los momentos de alegr\u00eda, alabanza y comuni\u00f3n de esta celebraci\u00f3n, hemos preparado una galer\u00eda de fotos. Los invitamos a verlas y a unirse a nosotros para recordar la bondad del Se\u00f1or.<\/p>\n<p class=\"ds-markdown-paragraph\"><strong>\u00a1Felicidades a toda nuestra familia ministerial! \u00a1Feliz Aniversario!<\/strong><\/p>\n<p class=\"ds-markdown-paragraph\">Que la fe siga siendo nuestro cimiento y la esperanza en Sus tiempos perfectos, nuestra fortaleza.<\/p>\n\n\n<p><\/p>\n<div style=\"margin-top: 0px; margin-bottom: 0px;\" class=\"sharethis-inline-reaction-buttons\" ><\/div>","protected":false},"excerpt":{"rendered":"<p>Nuestro ministerio conmemora un nuevo aniversario, recordando que en el tiempo perfecto de Dios, todo se cumple.<\/p>\n","protected":false},"author":1,"featured_media":0,"comment_status":"open","ping_status":"open","sticky":false,"template":"","format":"standard","meta":{"give_campaign_id":0,"footnotes":""},"categories":[1],"tags":[5,6],"class_list":["post-159","post","type-post","status-publish","format-standard","hentry","category-noticias","tag-aniversario","tag-montero"],"yoast_head":"<!-- This site is optimized with the Yoast SEO plugin v27.1.1 - https:\/\/yoast.com\/product\/yoast-seo-wordpress\/ -->\n<title>\u00a0\u00a1Celebramos 17 A\u00f1os de Fidelidad! Un Viaje de Fe y Prop\u00f3sito - Fundaci\u00f3n Mi Tinajita<\/title>\n<meta name=\"robots\" content=\"index, follow, max-snippet:-1, max-image-preview:large, max-video-preview:-1\" \/>\n<link rel=\"canonical\" href=\"https:\/\/fundacionmitinajita.org\/?p=159\" \/>\n<meta property=\"og:locale\" content=\"es_ES\" \/>\n<meta property=\"og:type\" content=\"article\" \/>\n<meta property=\"og:title\" content=\"\u00a0\u00a1Celebramos 17 A\u00f1os de Fidelidad! Un Viaje de Fe y Prop\u00f3sito - Fundaci\u00f3n Mi Tinajita\" \/>\n<meta property=\"og:description\" content=\"Nuestro ministerio conmemora un nuevo aniversario, recordando que en el tiempo perfecto de Dios, todo se cumple.\" \/>\n<meta property=\"og:url\" content=\"https:\/\/fundacionmitinajita.org\/?p=159\" \/>\n<meta property=\"og:site_name\" content=\"Fundaci\u00f3n Mi Tinajita\" \/>\n<meta property=\"article:published_time\" content=\"2025-10-27T20:24:58+00:00\" \/>\n<meta property=\"article:modified_time\" content=\"2025-10-27T20:24:59+00:00\" \/>\n<meta property=\"og:image\" content=\"https:\/\/fundacionmitinajita.org\/wp-content\/uploads\/2025\/10\/fffg.webp\" \/>\n\t<meta property=\"og:image:width\" content=\"1000\" \/>\n\t<meta property=\"og:image:height\" content=\"750\" \/>\n\t<meta property=\"og:image:type\" content=\"image\/webp\" \/>\n<meta name=\"author\" content=\"admin\" \/>\n<meta name=\"twitter:card\" content=\"summary_large_image\" \/>\n<meta name=\"twitter:label1\" content=\"Escrito por\" \/>\n\t<meta name=\"twitter:data1\" content=\"admin\" \/>\n\t<meta name=\"twitter:label2\" content=\"Tiempo de lectura\" \/>\n\t<meta name=\"twitter:data2\" content=\"1 minuto\" \/>\n<script type=\"application\/ld+json\" class=\"yoast-schema-graph\">{\"@context\":\"https:\/\/schema.org\",\"@graph\":[{\"@type\":\"Article\",\"@id\":\"https:\/\/fundacionmitinajita.org\/?p=159#article\",\"isPartOf\":{\"@id\":\"https:\/\/fundacionmitinajita.org\/?p=159\"},\"author\":{\"name\":\"admin\",\"@id\":\"https:\/\/fundacionmitinajita.org\/#\/schema\/person\/ebd863df6eb966e3f0446ffb6d834cdf\"},\"headline\":\"\u00a0\u00a1Celebramos 17 A\u00f1os de Fidelidad! Un Viaje de Fe y Prop\u00f3sito\",\"datePublished\":\"2025-10-27T20:24:58+00:00\",\"dateModified\":\"2025-10-27T20:24:59+00:00\",\"mainEntityOfPage\":{\"@id\":\"https:\/\/fundacionmitinajita.org\/?p=159\"},\"wordCount\":245,\"commentCount\":0,\"publisher\":{\"@id\":\"https:\/\/fundacionmitinajita.org\/#organization\"},\"image\":{\"@id\":\"https:\/\/fundacionmitinajita.org\/?p=159#primaryimage\"},\"thumbnailUrl\":\"https:\/\/fundacionmitinajita.org\/wp-content\/uploads\/2025\/10\/fffg.webp\",\"keywords\":[\"Aniversario\",\"Montero\"],\"articleSection\":[\"NOTICIAS\"],\"inLanguage\":\"es\",\"potentialAction\":[{\"@type\":\"CommentAction\",\"name\":\"Comment\",\"target\":[\"https:\/\/fundacionmitinajita.org\/?p=159#respond\"]}]},{\"@type\":\"WebPage\",\"@id\":\"https:\/\/fundacionmitinajita.org\/?p=159\",\"url\":\"https:\/\/fundacionmitinajita.org\/?p=159\",\"name\":\"\u00a0\u00a1Celebramos 17 A\u00f1os de Fidelidad! Un Viaje de Fe y Prop\u00f3sito - Fundaci\u00f3n Mi Tinajita\",\"isPartOf\":{\"@id\":\"https:\/\/fundacionmitinajita.org\/#website\"},\"primaryImageOfPage\":{\"@id\":\"https:\/\/fundacionmitinajita.org\/?p=159#primaryimage\"},\"image\":{\"@id\":\"https:\/\/fundacionmitinajita.org\/?p=159#primaryimage\"},\"thumbnailUrl\":\"https:\/\/fundacionmitinajita.org\/wp-content\/uploads\/2025\/10\/fffg.webp\",\"datePublished\":\"2025-10-27T20:24:58+00:00\",\"dateModified\":\"2025-10-27T20:24:59+00:00\",\"breadcrumb\":{\"@id\":\"https:\/\/fundacionmitinajita.org\/?p=159#breadcrumb\"},\"inLanguage\":\"es\",\"potentialAction\":[{\"@type\":\"ReadAction\",\"target\":[\"https:\/\/fundacionmitinajita.org\/?p=159\"]}]},{\"@type\":\"ImageObject\",\"inLanguage\":\"es\",\"@id\":\"https:\/\/fundacionmitinajita.org\/?p=159#primaryimage\",\"url\":\"https:\/\/fundacionmitinajita.org\/wp-content\/uploads\/2025\/10\/fffg.webp\",\"contentUrl\":\"https:\/\/fundacionmitinajita.org\/wp-content\/uploads\/2025\/10\/fffg.webp\",\"width\":1000,\"height\":750},{\"@type\":\"BreadcrumbList\",\"@id\":\"https:\/\/fundacionmitinajita.org\/?p=159#breadcrumb\",\"itemListElement\":[{\"@type\":\"ListItem\",\"position\":1,\"name\":\"Portada\",\"item\":\"https:\/\/fundacionmitinajita.org\/\"},{\"@type\":\"ListItem\",\"position\":2,\"name\":\"\u00a0\u00a1Celebramos 17 A\u00f1os de Fidelidad! Un Viaje de Fe y Prop\u00f3sito\"}]},{\"@type\":\"WebSite\",\"@id\":\"https:\/\/fundacionmitinajita.org\/#website\",\"url\":\"https:\/\/fundacionmitinajita.org\/\",\"name\":\"Fundaci\u00f3n Mi Tinajita\",\"description\":\"\",\"publisher\":{\"@id\":\"https:\/\/fundacionmitinajita.org\/#organization\"},\"potentialAction\":[{\"@type\":\"SearchAction\",\"target\":{\"@type\":\"EntryPoint\",\"urlTemplate\":\"https:\/\/fundacionmitinajita.org\/?s={search_term_string}\"},\"query-input\":{\"@type\":\"PropertyValueSpecification\",\"valueRequired\":true,\"valueName\":\"search_term_string\"}}],\"inLanguage\":\"es\"},{\"@type\":\"Organization\",\"@id\":\"https:\/\/fundacionmitinajita.org\/#organization\",\"name\":\"Fundaci\u00f3n Mi Tinajita\",\"url\":\"https:\/\/fundacionmitinajita.org\/\",\"logo\":{\"@type\":\"ImageObject\",\"inLanguage\":\"es\",\"@id\":\"https:\/\/fundacionmitinajita.org\/#\/schema\/logo\/image\/\",\"url\":\"https:\/\/fundacionmitinajita.org\/wp-content\/uploads\/2025\/10\/cropped-ico-tinajita.webp\",\"contentUrl\":\"https:\/\/fundacionmitinajita.org\/wp-content\/uploads\/2025\/10\/cropped-ico-tinajita.webp\",\"width\":512,\"height\":512,\"caption\":\"Fundaci\u00f3n Mi Tinajita\"},\"image\":{\"@id\":\"https:\/\/fundacionmitinajita.org\/#\/schema\/logo\/image\/\"}},{\"@type\":\"Person\",\"@id\":\"https:\/\/fundacionmitinajita.org\/#\/schema\/person\/ebd863df6eb966e3f0446ffb6d834cdf\",\"name\":\"admin\",\"image\":{\"@type\":\"ImageObject\",\"inLanguage\":\"es\",\"@id\":\"https:\/\/fundacionmitinajita.org\/#\/schema\/person\/image\/\",\"url\":\"https:\/\/secure.gravatar.com\/avatar\/bf27e9186df568254093afa216f887fece17605302c6ff12f3980422fffa52e6?s=96&d=mm&r=g\",\"contentUrl\":\"https:\/\/secure.gravatar.com\/avatar\/bf27e9186df568254093afa216f887fece17605302c6ff12f3980422fffa52e6?s=96&d=mm&r=g\",\"caption\":\"admin\"},\"sameAs\":[\"https:\/\/fundacionmitinajita.org\"],\"url\":\"https:\/\/fundacionmitinajita.org\/?author=1\"}]}<\/script>\n<!-- \/ Yoast SEO plugin. -->","yoast_head_json":{"title":"\u00a0\u00a1Celebramos 17 A\u00f1os de Fidelidad! Un Viaje de Fe y Prop\u00f3sito - Fundaci\u00f3n Mi Tinajita","robots":{"index":"index","follow":"follow","max-snippet":"max-snippet:-1","max-image-preview":"max-image-preview:large","max-video-preview":"max-video-preview:-1"},"canonical":"https:\/\/fundacionmitinajita.org\/?p=159","og_locale":"es_ES","og_type":"article","og_title":"\u00a0\u00a1Celebramos 17 A\u00f1os de Fidelidad! Un Viaje de Fe y Prop\u00f3sito - Fundaci\u00f3n Mi Tinajita","og_description":"Nuestro ministerio conmemora un nuevo aniversario, recordando que en el tiempo perfecto de Dios, todo se cumple.","og_url":"https:\/\/fundacionmitinajita.org\/?p=159","og_site_name":"Fundaci\u00f3n Mi Tinajita","article_published_time":"2025-10-27T20:24:58+00:00","article_modified_time":"2025-10-27T20:24:59+00:00","og_image":[{"width":1000,"height":750,"url":"https:\/\/fundacionmitinajita.org\/wp-content\/uploads\/2025\/10\/fffg.webp","type":"image\/webp"}],"author":"admin","twitter_card":"summary_large_image","twitter_misc":{"Escrito por":"admin","Tiempo de lectura":"1 minuto"},"schema":{"@context":"https:\/\/schema.org","@graph":[{"@type":"Article","@id":"https:\/\/fundacionmitinajita.org\/?p=159#article","isPartOf":{"@id":"https:\/\/fundacionmitinajita.org\/?p=159"},"author":{"name":"admin","@id":"https:\/\/fundacionmitinajita.org\/#\/schema\/person\/ebd863df6eb966e3f0446ffb6d834cdf"},"headline":"\u00a0\u00a1Celebramos 17 A\u00f1os de Fidelidad! Un Viaje de Fe y Prop\u00f3sito","datePublished":"2025-10-27T20:24:58+00:00","dateModified":"2025-10-27T20:24:59+00:00","mainEntityOfPage":{"@id":"https:\/\/fundacionmitinajita.org\/?p=159"},"wordCount":245,"commentCount":0,"publisher":{"@id":"https:\/\/fundacionmitinajita.org\/#organization"},"image":{"@id":"https:\/\/fundacionmitinajita.org\/?p=159#primaryimage"},"thumbnailUrl":"https:\/\/fundacionmitinajita.org\/wp-content\/uploads\/2025\/10\/fffg.webp","keywords":["Aniversario","Montero"],"articleSection":["NOTICIAS"],"inLanguage":"es","potentialAction":[{"@type":"CommentAction","name":"Comment","target":["https:\/\/fundacionmitinajita.org\/?p=159#respond"]}]},{"@type":"WebPage","@id":"https:\/\/fundacionmitinajita.org\/?p=159","url":"https:\/\/fundacionmitinajita.org\/?p=159","name":"\u00a0\u00a1Celebramos 17 A\u00f1os de Fidelidad! Un Viaje de Fe y Prop\u00f3sito - Fundaci\u00f3n Mi Tinajita","isPartOf":{"@id":"https:\/\/fundacionmitinajita.org\/#website"},"primaryImageOfPage":{"@id":"https:\/\/fundacionmitinajita.org\/?p=159#primaryimage"},"image":{"@id":"https:\/\/fundacionmitinajita.org\/?p=159#primaryimage"},"thumbnailUrl":"https:\/\/fundacionmitinajita.org\/wp-content\/uploads\/2025\/10\/fffg.webp","datePublished":"2025-10-27T20:24:58+00:00","dateModified":"2025-10-27T20:24:59+00:00","breadcrumb":{"@id":"https:\/\/fundacionmitinajita.org\/?p=159#breadcrumb"},"inLanguage":"es","potentialAction":[{"@type":"ReadAction","target":["https:\/\/fundacionmitinajita.org\/?p=159"]}]},{"@type":"ImageObject","inLanguage":"es","@id":"https:\/\/fundacionmitinajita.org\/?p=159#primaryimage","url":"https:\/\/fundacionmitinajita.org\/wp-content\/uploads\/2025\/10\/fffg.webp","contentUrl":"https:\/\/fundacionmitinajita.org\/wp-content\/uploads\/2025\/10\/fffg.webp","width":1000,"height":750},{"@type":"BreadcrumbList","@id":"https:\/\/fundacionmitinajita.org\/?p=159#breadcrumb","itemListElement":[{"@type":"ListItem","position":1,"name":"Portada","item":"https:\/\/fundacionmitinajita.org\/"},{"@type":"ListItem","position":2,"name":"\u00a0\u00a1Celebramos 17 A\u00f1os de Fidelidad! Un Viaje de Fe y Prop\u00f3sito"}]},{"@type":"WebSite","@id":"https:\/\/fundacionmitinajita.org\/#website","url":"https:\/\/fundacionmitinajita.org\/","name":"Fundaci\u00f3n Mi Tinajita","description":"","publisher":{"@id":"https:\/\/fundacionmitinajita.org\/#organization"},"potentialAction":[{"@type":"SearchAction","target":{"@type":"EntryPoint","urlTemplate":"https:\/\/fundacionmitinajita.org\/?s={search_term_string}"},"query-input":{"@type":"PropertyValueSpecification","valueRequired":true,"valueName":"search_term_string"}}],"inLanguage":"es"},{"@type":"Organization","@id":"https:\/\/fundacionmitinajita.org\/#organization","name":"Fundaci\u00f3n Mi Tinajita","url":"https:\/\/fundacionmitinajita.org\/","logo":{"@type":"ImageObject","inLanguage":"es","@id":"https:\/\/fundacionmitinajita.org\/#\/schema\/logo\/image\/","url":"https:\/\/fundacionmitinajita.org\/wp-content\/uploads\/2025\/10\/cropped-ico-tinajita.webp","contentUrl":"https:\/\/fundacionmitinajita.org\/wp-content\/uploads\/2025\/10\/cropped-ico-tinajita.webp","width":512,"height":512,"caption":"Fundaci\u00f3n Mi Tinajita"},"image":{"@id":"https:\/\/fundacionmitinajita.org\/#\/schema\/logo\/image\/"}},{"@type":"Person","@id":"https:\/\/fundacionmitinajita.org\/#\/schema\/person\/ebd863df6eb966e3f0446ffb6d834cdf","name":"admin","image":{"@type":"ImageObject","inLanguage":"es","@id":"https:\/\/fundacionmitinajita.org\/#\/schema\/person\/image\/","url":"https:\/\/secure.gravatar.com\/avatar\/bf27e9186df568254093afa216f887fece17605302c6ff12f3980422fffa52e6?s=96&d=mm&r=g","contentUrl":"https:\/\/secure.gravatar.com\/avatar\/bf27e9186df568254093afa216f887fece17605302c6ff12f3980422fffa52e6?s=96&d=mm&r=g","caption":"admin"},"sameAs":["https:\/\/fundacionmitinajita.org"],"url":"https:\/\/fundacionmitinajita.org\/?author=1"}]}},"_links":{"self":[{"href":"https:\/\/fundacionmitinajita.org\/index.php?rest_route=\/wp\/v2\/posts\/159","targetHints":{"allow":["GET"]}}],"collection":[{"href":"https:\/\/fundacionmitinajita.org\/index.php?rest_route=\/wp\/v2\/posts"}],"about":[{"href":"https:\/\/fundacionmitinajita.org\/index.php?rest_route=\/wp\/v2\/types\/post"}],"author":[{"embeddable":true,"href":"https:\/\/fundacionmitinajita.org\/index.php?rest_route=\/wp\/v2\/users\/1"}],"replies":[{"embeddable":true,"href":"https:\/\/fundacionmitinajita.org\/index.php?rest_route=%2Fwp%2Fv2%2Fcomments&post=159"}],"version-history":[{"count":1,"href":"https:\/\/fundacionmitinajita.org\/index.php?rest_route=\/wp\/v2\/posts\/159\/revisions"}],"predecessor-version":[{"id":161,"href":"https:\/\/fundacionmitinajita.org\/index.php?rest_route=\/wp\/v2\/posts\/159\/revisions\/161"}],"wp:attachment":[{"href":"https:\/\/fundacionmitinajita.org\/index.php?rest_route=%2Fwp%2Fv2%2Fmedia&parent=159"}],"wp:term":[{"taxonomy":"category","embeddable":true,"href":"https:\/\/fundacionmitinajita.org\/index.php?rest_route=%2Fwp%2Fv2%2Fcategories&post=159"},{"taxonomy":"post_tag","embeddable":true,"href":"https:\/\/fundacionmitinajita.org\/index.php?rest_route=%2Fwp%2Fv2%2Ftags&post=159"}],"curies":[{"name":"wp","href":"https:\/\/api.w.org\/{rel}","templated":true}]}}